{"id":35788,"date":"2017-12-26T18:56:38","date_gmt":"2017-12-26T21:56:38","guid":{"rendered":"http:\/\/caririemacao.com\/1\/?p=35788"},"modified":"2017-12-26T18:56:38","modified_gmt":"2017-12-26T21:56:38","slug":"cai-o-numero-de-matriculas-no-ensino-fundamental-e-ensino-medio-em-2017","status":"publish","type":"post","link":"https:\/\/www.caririemacao.com\/1\/2017\/12\/26\/cai-o-numero-de-matriculas-no-ensino-fundamental-e-ensino-medio-em-2017\/","title":{"rendered":"Ca\u00ed o n\u00famero de matr\u00edculas no ensino fundamental e ensino m\u00e9dio em 2017"},"content":{"rendered":"<p>O n\u00famero de alunos matriculados em escolas p\u00fablicas no ensino fundamental e no ensino m\u00e9dio em 2017 caiu, mas houve aumento nas matr\u00edculas de creches e pr\u00e9-escola, bem como na educa\u00e7\u00e3o especial. Os dados s\u00e3o do Censo Escolar da Educa\u00e7\u00e3o B\u00e1sica 2017, divulgado hoje (26) pelo Instituto Nacional de Estudos e Pesquisas Educacionais An\u00edsio Teixeira (Inep).<\/p>\n<p>Este ano, segundo o levantamento, o total de alunos matriculados no ensino fundamental em escolas p\u00fablicas foi de 22,05 milh\u00f5es, o que representa uma queda de 1,62% em rela\u00e7\u00e3o a 2016. No ensino m\u00e9dio, foram 6,68 milh\u00f5es em 2017, queda foi de 2,85% na compara\u00e7\u00e3o com o ano passado.<\/p>\n<p>O n\u00famero de alunos matriculados em creches da rede p\u00fablica subiu 6,8%, chegando a 2,2 milh\u00f5es. Na pr\u00e9-escola, tamb\u00e9m houve aumento no n\u00famero de alunos matriculados, com um total de 3,87 milh\u00f5es e crescimento de 2,64% em rela\u00e7\u00e3o a 2016. A Educa\u00e7\u00e3o de Jovens e Adultos (EJA) registrou um aumento de 4,1%, com 2,92 milh\u00f5es estudantes matriculados em 2017.<\/p>\n<p>Em todas as etapas, o total de matr\u00edculas na rede p\u00fablica este ano chegou a 37,75 milh\u00f5es, leve redu\u00e7\u00e3o de 0,5% na compara\u00e7\u00e3o com 2016. Na educa\u00e7\u00e3o especial, voltada para o atendimento de alunos com necessidades especiais, foi registrado aumento no n\u00famero de matriculas em todos os segmentos.<\/p>\n<p><strong>Censo<\/strong><\/p>\n<p>O levantamento do Inep detalha o n\u00famero de matr\u00edculas iniciais na educa\u00e7\u00e3o b\u00e1sica das redes p\u00fablicas municipal e estadual de ensino, que abrangem a creche, pr\u00e9-escola, os ensinos fundamental e m\u00e9dio, a EJA e a educa\u00e7\u00e3o especial. Os dados incluem as \u00e1reas urbana e rural e a educa\u00e7\u00e3o em tempo parcial e integral.<\/p>\n<p>A segunda etapa do Censo Escolar 2017 ter\u00e1 in\u00edcio no pr\u00f3ximo m\u00eas, quando ser\u00e3o coletados os dados sobre o rendimento e o movimento escolar dos alunos.<\/p>\n<p>O Censo Escolar \u00e9 feito anualmente, sob coordena\u00e7\u00e3o do Inep. Segundo o \u00f3rg\u00e3o, a ferramenta \u00e9 indispens\u00e1vel para que os atores educacionais possam compreender a situa\u00e7\u00e3o educacional do pa\u00eds, das unidades federativas, dos munic\u00edpios e do Distrito Federal, bem como das escolas e, com isso, acompanhar a efetividade das pol\u00edticas p\u00fablicas.<\/p>\n<p><strong>CARIRI EM A\u00c7\u00c3O<\/strong><\/p>\n<p><em>Com Ag\u00eancia Brasil\u00a0\/Foto: Reprodu\u00e7\u00e3o google<\/em><\/p>\n<p><strong>Leia mais not\u00edcias em\u00a0<\/strong><a href=\"http:\/\/www.caririemacao.com\/\"><strong>caririemacao.com<\/strong><\/a><strong>, siga nossa p\u00e1gina no\u00a0<\/strong><a href=\"https:\/\/www.facebook.com\/CaririEmAcao\/?ref=aymt_homepage_panel\"><strong>Facebook<\/strong><\/a>,<strong>\u00a0<\/strong><a href=\"https:\/\/www.instagram.com\/cariri_em_acao\/?hl=pt-br\"><strong>Instagram<\/strong><\/a><strong>\u00a0e <\/strong><a href=\"https:\/\/www.youtube.com\/channel\/UCAptA0jQuYQy8vMhLt2m4qg\"><strong>Youtube<\/strong><\/a><strong>\u00a0e veja nossas mat\u00e9rias, v\u00eddeos e fotos. Voc\u00ea tamb\u00e9m pode enviar informa\u00e7\u00f5es \u00e0 Reda\u00e7\u00e3o do Portal Cariri em A\u00e7\u00e3o pelo WhatsApp (83) 9 9634.5791, (83) 9 9601-1162.<\/strong><\/p>\n","protected":false},"excerpt":{"rendered":"<p>O n\u00famero de alunos matriculados em escolas p\u00fablicas no ensino fundamental e no ensino m\u00e9dio em 2017 caiu, mas houve aumento nas matr\u00edculas de creches&hellip; <\/p>\n","protected":false},"author":2,"featured_media":28208,"comment_status":"closed","ping_status":"closed","sticky":false,"template":"","format":"standard","meta":{"sfsi_plus_gutenberg_text_before_share":"","sfsi_plus_gutenberg_show_text_before_share":"","sfsi_plus_gutenberg_icon_type":"","sfsi_plus_gutenberg_icon_alignemt":"","sfsi_plus_gutenburg_max_per_row":"","footnotes":""},"categories":[14],"tags":[],"class_list":["post-35788","post","type-post","status-publish","format-standard","has-post-thumbnail","hentry","category-educacao"],"_links":{"self":[{"href":"https:\/\/www.caririemacao.com\/1\/wp-json\/wp\/v2\/posts\/35788","targetHints":{"allow":["GET"]}}],"collection":[{"href":"https:\/\/www.caririemacao.com\/1\/wp-json\/wp\/v2\/posts"}],"about":[{"href":"https:\/\/www.caririemacao.com\/1\/wp-json\/wp\/v2\/types\/post"}],"author":[{"embeddable":true,"href":"https:\/\/www.caririemacao.com\/1\/wp-json\/wp\/v2\/users\/2"}],"replies":[{"embeddable":true,"href":"https:\/\/www.caririemacao.com\/1\/wp-json\/wp\/v2\/comments?post=35788"}],"version-history":[{"count":0,"href":"https:\/\/www.caririemacao.com\/1\/wp-json\/wp\/v2\/posts\/35788\/revisions"}],"wp:featuredmedia":[{"embeddable":true,"href":"https:\/\/www.caririemacao.com\/1\/wp-json\/wp\/v2\/media\/28208"}],"wp:attachment":[{"href":"https:\/\/www.caririemacao.com\/1\/wp-json\/wp\/v2\/media?parent=35788"}],"wp:term":[{"taxonomy":"category","embeddable":true,"href":"https:\/\/www.caririemacao.com\/1\/wp-json\/wp\/v2\/categories?post=35788"},{"taxonomy":"post_tag","embeddable":true,"href":"https:\/\/www.caririemacao.com\/1\/wp-json\/wp\/v2\/tags?post=35788"}],"curies":[{"name":"wp","href":"https:\/\/api.w.org\/{rel}","templated":true}]}}