{"id":35790,"date":"2017-12-26T19:04:41","date_gmt":"2017-12-26T22:04:41","guid":{"rendered":"http:\/\/caririemacao.com\/1\/?p=35790"},"modified":"2017-12-26T19:04:41","modified_gmt":"2017-12-26T22:04:41","slug":"paralisacao-de-policiais-civis-reduz-atendimento-em-delegacias-da-pb","status":"publish","type":"post","link":"https:\/\/www.caririemacao.com\/1\/2017\/12\/26\/paralisacao-de-policiais-civis-reduz-atendimento-em-delegacias-da-pb\/","title":{"rendered":"Paralisa\u00e7\u00e3o de policiais civis reduz atendimento em Delegacias da PB"},"content":{"rendered":"<p>Os policiais civis da Para\u00edba ir\u00e3o paralisar as atividades nesta quarta-feira (27) por 24 horas. Durante a paralisa\u00e7\u00e3o n\u00e3o ser\u00e3o realizadas dilig\u00eancias como mandados de busca e apreens\u00e3o, mandados de pris\u00e3o, opera\u00e7\u00f5es policiais, nem servi\u00e7os de cart\u00f3rio.<\/p>\n<p>Por conta do manifesto, apenas 30% do efetivo ser\u00e1 mantido para atendimento apenas de situa\u00e7\u00f5es emergenciais de flagrante delito, inclusive nas delegacias.<\/p>\n<p>A partir das 8h os policiais estar\u00e3o na Central de Pol\u00edcia de Jo\u00e3o Pessoa realizando um manifesto. A partir das 11h, os agentes ir\u00e3o fazer uma entrega simb\u00f3lica dos coletes a prova de bala que s\u00e3o usados nas ocorr\u00eancias.<\/p>\n<p>O protesto est\u00e1 sendo encabe\u00e7ado pela Associa\u00e7\u00e3o dos Policiais Civis de Carreira da Para\u00edba. A categoria reivindica revis\u00e3o salarial e melhorias nas condi\u00e7\u00f5es de trabalho.<\/p>\n<p>&nbsp;<\/p>\n<p><strong>CARIRI EM A\u00c7\u00c3O<\/strong><\/p>\n<p><em>Com Mais PB \/Foto: Reprodu\u00e7\u00e3o google\u00a0\u00a0<\/em><\/p>\n<p><strong>Leia mais not\u00edcias em\u00a0<\/strong><a href=\"http:\/\/www.caririemacao.com\/\"><strong>caririemacao.com<\/strong><\/a><strong>, siga nossa p\u00e1gina no\u00a0<\/strong><a href=\"https:\/\/www.facebook.com\/CaririEmAcao\/?ref=aymt_homepage_panel\"><strong>Facebook<\/strong><\/a>,<strong>\u00a0<\/strong><a href=\"https:\/\/www.instagram.com\/cariri_em_acao\/?hl=pt-br\"><strong>Instagram<\/strong><\/a><strong>\u00a0e <\/strong><a href=\"https:\/\/www.youtube.com\/channel\/UCAptA0jQuYQy8vMhLt2m4qg\"><strong>Youtube<\/strong><\/a><strong>\u00a0e veja nossas mat\u00e9rias, v\u00eddeos e fotos. Voc\u00ea tamb\u00e9m pode enviar informa\u00e7\u00f5es \u00e0 Reda\u00e7\u00e3o do Portal Cariri em A\u00e7\u00e3o pelo WhatsApp (83) 9 9634.5791, (83) 9 9601-1162.<\/strong><\/p>\n","protected":false},"excerpt":{"rendered":"<p>Os policiais civis da Para\u00edba ir\u00e3o paralisar as atividades nesta quarta-feira (27) por 24 horas. Durante a paralisa\u00e7\u00e3o n\u00e3o ser\u00e3o realizadas dilig\u00eancias como mandados de&hellip; <\/p>\n","protected":false},"author":2,"featured_media":35791,"comment_status":"closed","ping_status":"closed","sticky":false,"template":"","format":"standard","meta":{"sfsi_plus_gutenberg_text_before_share":"","sfsi_plus_gutenberg_show_text_before_share":"","sfsi_plus_gutenberg_icon_type":"","sfsi_plus_gutenberg_icon_alignemt":"","sfsi_plus_gutenburg_max_per_row":"","footnotes":""},"categories":[2],"tags":[],"class_list":["post-35790","post","type-post","status-publish","format-standard","has-post-thumbnail","hentry","category-geral"],"_links":{"self":[{"href":"https:\/\/www.caririemacao.com\/1\/wp-json\/wp\/v2\/posts\/35790","targetHints":{"allow":["GET"]}}],"collection":[{"href":"https:\/\/www.caririemacao.com\/1\/wp-json\/wp\/v2\/posts"}],"about":[{"href":"https:\/\/www.caririemacao.com\/1\/wp-json\/wp\/v2\/types\/post"}],"author":[{"embeddable":true,"href":"https:\/\/www.caririemacao.com\/1\/wp-json\/wp\/v2\/users\/2"}],"replies":[{"embeddable":true,"href":"https:\/\/www.caririemacao.com\/1\/wp-json\/wp\/v2\/comments?post=35790"}],"version-history":[{"count":0,"href":"https:\/\/www.caririemacao.com\/1\/wp-json\/wp\/v2\/posts\/35790\/revisions"}],"wp:featuredmedia":[{"embeddable":true,"href":"https:\/\/www.caririemacao.com\/1\/wp-json\/wp\/v2\/media\/35791"}],"wp:attachment":[{"href":"https:\/\/www.caririemacao.com\/1\/wp-json\/wp\/v2\/media?parent=35790"}],"wp:term":[{"taxonomy":"category","embeddable":true,"href":"https:\/\/www.caririemacao.com\/1\/wp-json\/wp\/v2\/categories?post=35790"},{"taxonomy":"post_tag","embeddable":true,"href":"https:\/\/www.caririemacao.com\/1\/wp-json\/wp\/v2\/tags?post=35790"}],"curies":[{"name":"wp","href":"https:\/\/api.w.org\/{rel}","templated":true}]}}