{"id":35798,"date":"2017-12-26T19:44:03","date_gmt":"2017-12-26T22:44:03","guid":{"rendered":"http:\/\/caririemacao.com\/1\/?p=35798"},"modified":"2017-12-26T19:44:03","modified_gmt":"2017-12-26T22:44:03","slug":"ministro-diz-que-liberar-verba-por-voto-nao-e-chantagem-e-acao-de-governo","status":"publish","type":"post","link":"https:\/\/www.caririemacao.com\/1\/2017\/12\/26\/ministro-diz-que-liberar-verba-por-voto-nao-e-chantagem-e-acao-de-governo\/","title":{"rendered":"Ministro diz que liberar verba por voto n\u00e3o \u00e9 chantagem, \u00e9 &#8216;a\u00e7\u00e3o de governo&#8217;"},"content":{"rendered":"<p class=\" \">O ministro Carlos Marun (Secretaria de Governo) afirmou nesta ter\u00e7a-feira (26) que a libera\u00e7\u00e3o de recursos de bancos p\u00fablicos em troca de apoio \u00e0\u00a0reforma da Previd\u00eancia\u00a0n\u00e3o \u00e9 &#8220;chantagem&#8221;, mas sim uma &#8220;a\u00e7\u00e3o de governo&#8221;.<\/p>\n<p class=\" \">Ap\u00f3s participar de uma reuni\u00e3o com o presidente Michel Temer no Pal\u00e1cio do Planalto, Marun admitiu que est\u00e1 usando a\u00a0libera\u00e7\u00e3o de dinheiro\u00a0da Caixa Econ\u00f4mica Federal como moeda de troca com governadores para que eles pressionem deputados a aprovarem as mudan\u00e7as nas regras de aposentadoria.<\/p>\n<p class=\" \">&#8220;Financiamentos da Caixa Econ\u00f4mica Federal s\u00e3o a\u00e7\u00f5es de governo, sen\u00e3o o governador poderia tomar esse financiamento no Bradesco [banco privado]&#8221;, disse Marun.<\/p>\n<p class=\" \">&#8220;N\u00e3o entendo que seja uma chantagem o governo atuar no sentido que um aspecto t\u00e3o importante para o Brasil se torne realidade. O governo espera daqueles governadores que t\u00eam recursos a ser liberados, financiamento a ser liberado, uma reciprocidade no que tange a quest\u00e3o da Previd\u00eancia&#8221;, completou.<\/p>\n<p class=\" \">Governadores t\u00eam reclamado da pr\u00e1tica, mas Marun a tratou com naturalidade. Ao ser questionado sobre poss\u00edveis retalia\u00e7\u00f5es a quem n\u00e3o ajudar na aprova\u00e7\u00e3o da proposta, o ministro disse que &#8220;sendo uma a\u00e7\u00e3o de governo, o n\u00edvel de apoio que o governador puder prestar \u00e0 quest\u00e3o da reforma vai considerado&#8221; pela equipe do presidente.<\/p>\n<p class=\" \"><strong>NOVO BALAN\u00c7O<\/strong><\/p>\n<p class=\" \">Respons\u00e1vel pela articula\u00e7\u00e3o pol\u00edtica do Planalto, o ministro afirmou ainda que, nesta quarta-feira (28), Temer vai fazer uma reuni\u00e3o com o presidente da C\u00e2mara, Rodrigo Maia (DEM-RJ), para discutir uma estrat\u00e9gia para a aprova\u00e7\u00e3o da nova Previd\u00eancia em fevereiro.<\/p>\n<p class=\" \">O governo, por\u00e9m, j\u00e1 liberou cargos e emendas parlamentares, al\u00e9m de\u00a0verba para prefeitos\u00a0e governadores, e, mesmo assim, n\u00e3o chegou nem perto dos 308 votos necess\u00e1rios para aprovar a medida na C\u00e2mara. A vota\u00e7\u00e3o, prevista para dezembro, foi adiada para 19 de fevereiro.<\/p>\n<p class=\" \">Segundo Marun, o foco do Planalto \u00e9, mais uma vez, convencer os deputados da base que ainda resistem em votar as novas regras de aposentadoria que, na sua avalia\u00e7\u00e3o, pertencem a um grupo &#8220;casa vez menor&#8221;.<\/p>\n<p class=\" \">Um novo balan\u00e7o de votos deve ser apresentado a Temer no meio de janeiro. O deputado Beto Mansur (PRB-SP), da tropa de choque do presidente, pretende ir ao Planalto ainda nesta ter\u00e7a para, segundo ele, &#8220;atualizar a planilha&#8221; de vota\u00e7\u00e3o.<\/p>\n<p><strong>CARIRI EM A\u00c7\u00c3O<\/strong><\/p>\n<p><em>Com Folha de S\u00e3o Paulo\u00a0\/Foto: Reprodu\u00e7\u00e3o google<\/em><\/p>\n<p><strong>Leia mais not\u00edcias em\u00a0<\/strong><a href=\"http:\/\/www.caririemacao.com\/\"><strong>caririemacao.com<\/strong><\/a><strong>, siga nossa p\u00e1gina no\u00a0<\/strong><a href=\"https:\/\/www.facebook.com\/CaririEmAcao\/?ref=aymt_homepage_panel\"><strong>Facebook<\/strong><\/a>,<strong>\u00a0<\/strong><a href=\"https:\/\/www.instagram.com\/cariri_em_acao\/?hl=pt-br\"><strong>Instagram<\/strong><\/a><strong>\u00a0e <\/strong><a href=\"https:\/\/www.youtube.com\/channel\/UCAptA0jQuYQy8vMhLt2m4qg\"><strong>Youtube<\/strong><\/a><strong>\u00a0e veja nossas mat\u00e9rias, v\u00eddeos e fotos. Voc\u00ea tamb\u00e9m pode enviar informa\u00e7\u00f5es \u00e0 Reda\u00e7\u00e3o do Portal Cariri em A\u00e7\u00e3o pelo WhatsApp (83) 9 9634.5791, (83) 9 9601-1162.<\/strong><\/p>\n","protected":false},"excerpt":{"rendered":"<p>O ministro Carlos Marun (Secretaria de Governo) afirmou nesta ter\u00e7a-feira (26) que a libera\u00e7\u00e3o de recursos de bancos p\u00fablicos em troca de apoio \u00e0\u00a0reforma da&hellip; <\/p>\n","protected":false},"author":2,"featured_media":35799,"comment_status":"closed","ping_status":"closed","sticky":false,"template":"","format":"standard","meta":{"sfsi_plus_gutenberg_text_before_share":"","sfsi_plus_gutenberg_show_text_before_share":"","sfsi_plus_gutenberg_icon_type":"","sfsi_plus_gutenberg_icon_alignemt":"","sfsi_plus_gutenburg_max_per_row":"","footnotes":""},"categories":[11],"tags":[],"class_list":["post-35798","post","type-post","status-publish","format-standard","has-post-thumbnail","hentry","category-politica"],"_links":{"self":[{"href":"https:\/\/www.caririemacao.com\/1\/wp-json\/wp\/v2\/posts\/35798","targetHints":{"allow":["GET"]}}],"collection":[{"href":"https:\/\/www.caririemacao.com\/1\/wp-json\/wp\/v2\/posts"}],"about":[{"href":"https:\/\/www.caririemacao.com\/1\/wp-json\/wp\/v2\/types\/post"}],"author":[{"embeddable":true,"href":"https:\/\/www.caririemacao.com\/1\/wp-json\/wp\/v2\/users\/2"}],"replies":[{"embeddable":true,"href":"https:\/\/www.caririemacao.com\/1\/wp-json\/wp\/v2\/comments?post=35798"}],"version-history":[{"count":0,"href":"https:\/\/www.caririemacao.com\/1\/wp-json\/wp\/v2\/posts\/35798\/revisions"}],"wp:featuredmedia":[{"embeddable":true,"href":"https:\/\/www.caririemacao.com\/1\/wp-json\/wp\/v2\/media\/35799"}],"wp:attachment":[{"href":"https:\/\/www.caririemacao.com\/1\/wp-json\/wp\/v2\/media?parent=35798"}],"wp:term":[{"taxonomy":"category","embeddable":true,"href":"https:\/\/www.caririemacao.com\/1\/wp-json\/wp\/v2\/categories?post=35798"},{"taxonomy":"post_tag","embeddable":true,"href":"https:\/\/www.caririemacao.com\/1\/wp-json\/wp\/v2\/tags?post=35798"}],"curies":[{"name":"wp","href":"https:\/\/api.w.org\/{rel}","templated":true}]}}