{"id":35801,"date":"2017-12-26T19:48:57","date_gmt":"2017-12-26T22:48:57","guid":{"rendered":"http:\/\/caririemacao.com\/1\/?p=35801"},"modified":"2017-12-26T19:48:57","modified_gmt":"2017-12-26T22:48:57","slug":"deputados-federais-da-pb-torram-mais-de-r-51-milhoes-da-cota-parlamentar-em-2017","status":"publish","type":"post","link":"https:\/\/www.caririemacao.com\/1\/2017\/12\/26\/deputados-federais-da-pb-torram-mais-de-r-51-milhoes-da-cota-parlamentar-em-2017\/","title":{"rendered":"Deputados federais da PB &#8216;torram&#8217; mais de R$ 5,1 milh\u00f5es da cota parlamentar em 2017"},"content":{"rendered":"<p>A palavra \u2018economia\u2019 passou longe da bancada federal da Para\u00edba ao longo de 2017. De acordo com o Portal da Transpar\u00eancia da C\u00e2mara dos Deputados, os parlamentares gastaram R$\u00a05.100.390,09 este ano da Cota para o Exerc\u00edcio da Atividade Parlamentar (Ceap), o que corresponde a um gasto mensal de R$ 425.032,50.<\/p>\n<p>Dos doze deputados federais, o recordista em gastos foi R\u00f4mulo Gouveia (PSD) que apresentou despesas na ordem de R$ 522.769,71. Em segundo lugar, quem aparece \u00e9 o deputado\u00a0Veneziano Vital do R\u00eago (PMDB), com R$ 508.776,31. O deputado Pedro Cunha Lima (PSDB) foi o mais econ\u00f4mico e gastou ao longo do ano R$ 268.948,82.<\/p>\n<p>Dos mais de R$ 5,1 milh\u00f5es gastos pela bancada federal,\u00a0R$ 2.327.053,65 foram destinados para o pagamento de divulga\u00e7\u00e3o de atividades parlamentares. Para a manuten\u00e7\u00e3o de escrit\u00f3rios de apoio \u00e0 atividade parlamentar, os paraibanos apresentaram gastos na ordem de R$ 212.949,17. J\u00e1 para trabalhos de consultoria, eles gastaramR$ 257.134,20.<\/p>\n<p>A cota parlamentar varia de acordo com cada estado. Para a Para\u00edba, os deputados podem gastar at\u00e9 R$ 42.032,56 mensais o que corresponde a um valor anual de R$ 504.390,72. Somando os 12 parlamentares da bancada federal paraibana, o limite de gastos anual da cota parlamentar \u00e9 de R$ 6.052.688,64.<\/p>\n<p>Entre as despesas que podem ser indenizadas com a Ceap est\u00e3o passagens a\u00e9reas, telefonia, despesas com locomo\u00e7\u00e3o (loca\u00e7\u00e3o ou fretamento de aeronaves, ve\u00edculos automotores e embarca\u00e7\u00f5es), contrata\u00e7\u00e3o de consultorias e trabalhos t\u00e9cnicos e divulga\u00e7\u00e3o do exerc\u00edcio parlamentar.<\/p>\n<p><strong>Veja quanto cada parlamentar gastou da cota parlamentar em 2017:<\/strong><\/p>\n<p>Aguinaldo Ribeiro R$ 419.758,00<\/p>\n<p>Andr\u00e9 Amaral R$ 465.940,02<\/p>\n<p>Benjamin Maranh\u00e3o R$ 475.021,57<\/p>\n<p>Dami\u00e3o Feliciano R$ 368.637,21<\/p>\n<p>Efraim Filho R$ 434.270,35<\/p>\n<p>Hugo Motta R$ 375.540,33<\/p>\n<p>Luiz Couto R$ 391.771,13<\/p>\n<p>Pedro Cunha Lima R$ 268.948,82<\/p>\n<p>R\u00f4mulo Gouveia R$ 522.769,71<\/p>\n<p>Veneziano Vital do R\u00eago R$ 508.776,31<\/p>\n<p>Wellington Roberto R$ 418.336,16<\/p>\n<p>Wilson Filho R$ 450.620,48<\/p>\n<p><strong>Total<\/strong>\u00a0R$ 5.100.390,09<\/p>\n<p><strong>CARIRI EM A\u00c7\u00c3O<\/strong><\/p>\n<p><em>Com paraiba.com.br\/Foto: Reprodu\u00e7\u00e3o google<\/em><\/p>\n<p><strong>Leia mais not\u00edcias em\u00a0<\/strong><a href=\"http:\/\/www.caririemacao.com\/\"><strong>caririemacao.com<\/strong><\/a><strong>, siga nossa p\u00e1gina no\u00a0<\/strong><a href=\"https:\/\/www.facebook.com\/CaririEmAcao\/?ref=aymt_homepage_panel\"><strong>Facebook<\/strong><\/a>,<strong>\u00a0<\/strong><a href=\"https:\/\/www.instagram.com\/cariri_em_acao\/?hl=pt-br\"><strong>Instagram<\/strong><\/a><strong>\u00a0e <\/strong><a href=\"https:\/\/www.youtube.com\/channel\/UCAptA0jQuYQy8vMhLt2m4qg\"><strong>Youtube<\/strong><\/a><strong>\u00a0e veja nossas mat\u00e9rias, v\u00eddeos e fotos. Voc\u00ea tamb\u00e9m pode enviar informa\u00e7\u00f5es \u00e0 Reda\u00e7\u00e3o do Portal Cariri em A\u00e7\u00e3o pelo WhatsApp (83) 9 9634.5791, (83) 9 9601-1162.<\/strong><\/p>\n","protected":false},"excerpt":{"rendered":"<p>A palavra \u2018economia\u2019 passou longe da bancada federal da Para\u00edba ao longo de 2017. De acordo com o Portal da Transpar\u00eancia da C\u00e2mara dos Deputados,&hellip; <\/p>\n","protected":false},"author":2,"featured_media":15135,"comment_status":"closed","ping_status":"closed","sticky":false,"template":"","format":"standard","meta":{"sfsi_plus_gutenberg_text_before_share":"","sfsi_plus_gutenberg_show_text_before_share":"","sfsi_plus_gutenberg_icon_type":"","sfsi_plus_gutenberg_icon_alignemt":"","sfsi_plus_gutenburg_max_per_row":"","footnotes":""},"categories":[11],"tags":[],"class_list":["post-35801","post","type-post","status-publish","format-standard","has-post-thumbnail","hentry","category-politica"],"_links":{"self":[{"href":"https:\/\/www.caririemacao.com\/1\/wp-json\/wp\/v2\/posts\/35801","targetHints":{"allow":["GET"]}}],"collection":[{"href":"https:\/\/www.caririemacao.com\/1\/wp-json\/wp\/v2\/posts"}],"about":[{"href":"https:\/\/www.caririemacao.com\/1\/wp-json\/wp\/v2\/types\/post"}],"author":[{"embeddable":true,"href":"https:\/\/www.caririemacao.com\/1\/wp-json\/wp\/v2\/users\/2"}],"replies":[{"embeddable":true,"href":"https:\/\/www.caririemacao.com\/1\/wp-json\/wp\/v2\/comments?post=35801"}],"version-history":[{"count":0,"href":"https:\/\/www.caririemacao.com\/1\/wp-json\/wp\/v2\/posts\/35801\/revisions"}],"wp:featuredmedia":[{"embeddable":true,"href":"https:\/\/www.caririemacao.com\/1\/wp-json\/wp\/v2\/media\/15135"}],"wp:attachment":[{"href":"https:\/\/www.caririemacao.com\/1\/wp-json\/wp\/v2\/media?parent=35801"}],"wp:term":[{"taxonomy":"category","embeddable":true,"href":"https:\/\/www.caririemacao.com\/1\/wp-json\/wp\/v2\/categories?post=35801"},{"taxonomy":"post_tag","embeddable":true,"href":"https:\/\/www.caririemacao.com\/1\/wp-json\/wp\/v2\/tags?post=35801"}],"curies":[{"name":"wp","href":"https:\/\/api.w.org\/{rel}","templated":true}]}}