{"id":35810,"date":"2017-12-27T09:00:59","date_gmt":"2017-12-27T12:00:59","guid":{"rendered":"http:\/\/caririemacao.com\/1\/?p=35810"},"modified":"2017-12-27T09:09:56","modified_gmt":"2017-12-27T12:09:56","slug":"prefeito-adriano-wolff-entrega-uniformes-para-as-participantes-do-projeto-ginasticas-e-vivencia-na-praca","status":"publish","type":"post","link":"https:\/\/www.caririemacao.com\/1\/2017\/12\/27\/prefeito-adriano-wolff-entrega-uniformes-para-as-participantes-do-projeto-ginasticas-e-vivencia-na-praca\/","title":{"rendered":"Prefeito Adriano Wolff entrega uniformes para as participantes do projeto Gin\u00e1sticas e viv\u00eancia na pra\u00e7a"},"content":{"rendered":"<p>Na noite desta ter\u00e7a-feira (26), o prefeito de S\u00e3o Sebasti\u00e3o do Umbuzeiro, Adriano Wolff, acompanhado do vice-prefeito Chico de Mariano, realizou a entrega dos uniformes para as participantes do projeto Gin\u00e1sticas e viv\u00eancia na pra\u00e7a, que \u00e9 desenvolvido pela Secretaria da Assist\u00eancia Social e do Desenvolvimento Humano e CRAS, na oportunidade tamb\u00e9m foi entregue um microfone sem fio e uma caixa de som para o professor de gin\u00e1stica.<\/p>\n<p><a href=\"http:\/\/caririemacao.com\/1\/wp-content\/uploads\/2017\/12\/DSC04778.jpg\"><img fetchpriority=\"high\" decoding=\"async\" class=\"alignnone wp-image-35811 size-full\" src=\"http:\/\/caririemacao.com\/1\/wp-content\/uploads\/2017\/12\/DSC04778.jpg\" alt=\"\" width=\"800\" height=\"533\" srcset=\"https:\/\/www.caririemacao.com\/1\/wp-content\/uploads\/2017\/12\/DSC04778.jpg 800w, https:\/\/www.caririemacao.com\/1\/wp-content\/uploads\/2017\/12\/DSC04778-300x200.jpg 300w, https:\/\/www.caririemacao.com\/1\/wp-content\/uploads\/2017\/12\/DSC04778-768x512.jpg 768w\" sizes=\"(max-width: 800px) 100vw, 800px\" \/><\/a><\/p>\n<p>O projeto, que foi iniciado de forma t\u00edmida no m\u00eas de setembro, conta hoje com a participa\u00e7\u00e3o de dezenas de mulheres, desde adolescentes at\u00e9 a terceira idade. Coordenado pelo educador f\u00edsico Djaelson, o Gin\u00e1stica e Viv\u00eancia na Pra\u00e7a \u00e9 realizado todas as ter\u00e7as e quintas-feiras,\u00a0sempre \u00e1s 19:00hs.<\/p>\n<p>O prefeito Adriano Wolff, falou da import\u00e2ncia do Projeto. \u201cPrimeiro quero agradecer a presen\u00e7a de todos voc\u00eas aqui, se voc\u00eas n\u00e3o estivesse aqui n\u00e3o seria poss\u00edvel \u00e0 realiza\u00e7\u00e3o desse projeto, agente vai procurar sempre cada vez mais \u00a0incentivar a pratica do esporte, e incentivar a todos voc\u00eas, \u00a0\u00e9 muito \u00a0bom ver pessoas aqui de varias idades, aquela hist\u00f3ria que idade \u00e9 s\u00f3 um numero est\u00e1 comprovado aqui hoje, isso \u00e9 muito importante, o que depender da gest\u00e3o vamos sempre incentivar todas voc\u00eas\u201d, enfatizou o prefeito.<\/p>\n<p><strong>CARIRI EM A\u00c7\u00c3O<\/strong><\/p>\n<p>Com Blog do Didi\/Foto: Reprodu\u00e7\u00e3o Didi<\/p>\n<p><strong>Leia mais not\u00edcias em\u00a0<\/strong><a href=\"http:\/\/www.caririemacao.com\/\"><strong>caririemacao.com<\/strong><\/a><strong>, siga nossa p\u00e1gina no\u00a0<\/strong><a href=\"https:\/\/www.facebook.com\/CaririEmAcao\/?ref=aymt_homepage_panel\"><strong>Facebook<\/strong><\/a>,<strong>\u00a0<\/strong><a href=\"https:\/\/www.instagram.com\/cariri_em_acao\/?hl=pt-br\"><strong>Instagram<\/strong><\/a><strong>\u00a0e <\/strong><a href=\"https:\/\/www.youtube.com\/channel\/UCAptA0jQuYQy8vMhLt2m4qg\"><strong>Youtube<\/strong><\/a><strong>\u00a0e veja nossas mat\u00e9rias, v\u00eddeos e fotos. Voc\u00ea tamb\u00e9m pode enviar informa\u00e7\u00f5es \u00e0 Reda\u00e7\u00e3o do Portal Cariri em A\u00e7\u00e3o pelo WhatsApp (83) 9 9634.5791, (83) 9 9601-1162.<\/strong><\/p>\n","protected":false},"excerpt":{"rendered":"<p>Na noite desta ter\u00e7a-feira (26), o prefeito de S\u00e3o Sebasti\u00e3o do Umbuzeiro, Adriano Wolff, acompanhado do vice-prefeito Chico de Mariano, realizou a entrega dos uniformes&hellip; <\/p>\n","protected":false},"author":2,"featured_media":35812,"comment_status":"closed","ping_status":"closed","sticky":false,"template":"","format":"standard","meta":{"sfsi_plus_gutenberg_text_before_share":"","sfsi_plus_gutenberg_show_text_before_share":"","sfsi_plus_gutenberg_icon_type":"","sfsi_plus_gutenberg_icon_alignemt":"","sfsi_plus_gutenburg_max_per_row":"","footnotes":""},"categories":[16],"tags":[],"class_list":["post-35810","post","type-post","status-publish","format-standard","has-post-thumbnail","hentry","category-saude"],"_links":{"self":[{"href":"https:\/\/www.caririemacao.com\/1\/wp-json\/wp\/v2\/posts\/35810","targetHints":{"allow":["GET"]}}],"collection":[{"href":"https:\/\/www.caririemacao.com\/1\/wp-json\/wp\/v2\/posts"}],"about":[{"href":"https:\/\/www.caririemacao.com\/1\/wp-json\/wp\/v2\/types\/post"}],"author":[{"embeddable":true,"href":"https:\/\/www.caririemacao.com\/1\/wp-json\/wp\/v2\/users\/2"}],"replies":[{"embeddable":true,"href":"https:\/\/www.caririemacao.com\/1\/wp-json\/wp\/v2\/comments?post=35810"}],"version-history":[{"count":0,"href":"https:\/\/www.caririemacao.com\/1\/wp-json\/wp\/v2\/posts\/35810\/revisions"}],"wp:featuredmedia":[{"embeddable":true,"href":"https:\/\/www.caririemacao.com\/1\/wp-json\/wp\/v2\/media\/35812"}],"wp:attachment":[{"href":"https:\/\/www.caririemacao.com\/1\/wp-json\/wp\/v2\/media?parent=35810"}],"wp:term":[{"taxonomy":"category","embeddable":true,"href":"https:\/\/www.caririemacao.com\/1\/wp-json\/wp\/v2\/categories?post=35810"},{"taxonomy":"post_tag","embeddable":true,"href":"https:\/\/www.caririemacao.com\/1\/wp-json\/wp\/v2\/tags?post=35810"}],"curies":[{"name":"wp","href":"https:\/\/api.w.org\/{rel}","templated":true}]}}