{"id":35816,"date":"2017-12-27T09:11:30","date_gmt":"2017-12-27T12:11:30","guid":{"rendered":"http:\/\/caririemacao.com\/1\/?p=35816"},"modified":"2017-12-27T09:16:42","modified_gmt":"2017-12-27T12:16:42","slug":"anna-entrega-premiacoes-da-copa-dr-chico-de-futebol-e-novos-padroes-as-equipes-participantes","status":"publish","type":"post","link":"https:\/\/www.caririemacao.com\/1\/2017\/12\/27\/anna-entrega-premiacoes-da-copa-dr-chico-de-futebol-e-novos-padroes-as-equipes-participantes\/","title":{"rendered":"Anna entrega premia\u00e7\u00f5es da Copa Dr. Chico de Futebol e novos padr\u00f5es as equipes participantes"},"content":{"rendered":"<p>A prefeita de Monteiro Anna Lorena entregou na manh\u00e3 do \u00faltimo s\u00e1bado, 23, em solenidade simples realizada em seu gabinete na sede da Prefeitura Municipal a premia\u00e7\u00e3o as quatro primeiras equipes classificadas na Copa Dr. Chico de Futebol Amador de 2017, al\u00e9m de novos padr\u00f5es \u00e0s 40 equipes participantes da competi\u00e7\u00e3o.<\/p>\n<p>De acordo com a prefeita foram investidos com recursos pr\u00f3prios entre arbitragem, premia\u00e7\u00e3o, e outros, mais de R$ 40 mil na competi\u00e7\u00e3o, considerada o maior Campeonato de Futebol Amador de todos os tempos no munic\u00edpio e o maior do Cariri paraibano.<\/p>\n<p>Marcaram presen\u00e7a na entrega, representantes das 40 equipes, secret\u00e1rios municipais, imprensa e os vereadores Toinho de Nequinho, Caj\u00f3 Menezes, Raul Formiga e Sargento Farias, al\u00e9m de toda a equipe da Secretaria de Esportes.<\/p>\n<p>O secret\u00e1rio Rostand Chaves disse que a entrega das premia\u00e7\u00f5es e dos novos padr\u00f5es fecha com chave de ouro o calend\u00e1rio esportivo de 2017, e agradeceu \u00e0 sua equipe de auxiliares e \u00e0 prefeita pela confian\u00e7a no trabalho.<\/p>\n<p>Todos os vereadores elogiaram a prefeita pelo incentivo ao esporte e reafirmaram o apoio da c\u00e2mara municipal de Monteiro de forma unida, no que a prefeita e os desportistas precisarem<\/p>\n<p>J\u00e1 a prefeita Anna Lorena disse que ficou emocionada com o sucesso da competi\u00e7\u00e3o e agradeceu as parcerias que asseguraram o sucesso do evento.<\/p>\n<p>\u201cO campeonato incentivou o lazer, aqueceu a economia e promoveu a inclus\u00e3o democr\u00e1tica, e o intercambio entre pais e filhos, fam\u00edlias, torcidas, atletas e dirigentes. Agrade\u00e7o as parcerias dos deputados Wellington Roberto e Jo\u00e3o Henrique, aos \u00e1rbitros, atletas, a todos os funcion\u00e1rios da Secretaria de Esportes nas pessoas de Rostand e do meu grande parceiro Celecileno e parabenizo n\u00e3o s\u00f3 aos campe\u00f5es, mas a todos os desportistas que sa\u00edram satisfeitos e dobrando nossa responsabilidade para 2018 com grandes novidades que vir\u00e3o\u201d, completou.<\/p>\n<p>Ao final, representantes das equipes usaram a palavra para agradecer \u00e0 prefeita pelas melhorias e apoio realizados ao esporte e disseram que confiam que em 2018 haver\u00e1 competi\u00e7\u00f5es ainda melhores.<\/p>\n<p>J\u00e1 nesta ter\u00e7a-feira, 26, o secret\u00e1rio Rostand Chaves entregou a premia\u00e7\u00e3o aos \u00e1rbitros e agradeceu em nome da prefeita Anna Lorena todo o empenho por eles dedicado ao esporte monteirense.<\/p>\n<p><strong>Confira as premia\u00e7\u00f5es<\/strong><\/p>\n<p>Equipe campe\u00e3 \u2013 S\u00edtio do Meio \u2013 R$ 4 mil<br \/>\nEquipe vice-campe\u00e3 \u2013 Aroeiras \u2013 R$ 3 mil<br \/>\nEquipe terceira colocada \u2013 Barrad\u00e3o \u2013 R$ 2 mil<br \/>\nEquipe quarta colocada \u2013 Serra do Moc\u00f3 \u2013 R$ 1 mil<br \/>\nTr\u00eas melhores \u00e1rbitros \u2013 R$ 100,00 e Trof\u00e9us<\/p>\n<p><strong>CARIRI EM A\u00c7\u00c3O<\/strong><\/p>\n<p>Com Ascom\/Foto: Reprodu\u00e7\u00e3o google<\/p>\n<p><strong>Leia mais not\u00edcias em\u00a0<\/strong><a href=\"http:\/\/www.caririemacao.com\/\"><strong>caririemacao.com<\/strong><\/a><strong>, siga nossa p\u00e1gina no\u00a0<\/strong><a href=\"https:\/\/www.facebook.com\/CaririEmAcao\/?ref=aymt_homepage_panel\"><strong>Facebook<\/strong><\/a>,<strong>\u00a0<\/strong><a href=\"https:\/\/www.instagram.com\/cariri_em_acao\/?hl=pt-br\"><strong>Instagram<\/strong><\/a><strong>\u00a0e <\/strong><a href=\"https:\/\/www.youtube.com\/channel\/UCAptA0jQuYQy8vMhLt2m4qg\"><strong>Youtube<\/strong><\/a><strong>\u00a0e veja nossas mat\u00e9rias, v\u00eddeos e fotos. Voc\u00ea tamb\u00e9m pode enviar informa\u00e7\u00f5es \u00e0 Reda\u00e7\u00e3o do Portal Cariri em A\u00e7\u00e3o pelo WhatsApp (83) 9 9634.5791, (83) 9 9601-1162.<\/strong><\/p>\n","protected":false},"excerpt":{"rendered":"<p>A prefeita de Monteiro Anna Lorena entregou na manh\u00e3 do \u00faltimo s\u00e1bado, 23, em solenidade simples realizada em seu gabinete na sede da Prefeitura Municipal&hellip; <\/p>\n","protected":false},"author":2,"featured_media":35817,"comment_status":"closed","ping_status":"closed","sticky":false,"template":"","format":"standard","meta":{"sfsi_plus_gutenberg_text_before_share":"","sfsi_plus_gutenberg_show_text_before_share":"","sfsi_plus_gutenberg_icon_type":"","sfsi_plus_gutenberg_icon_alignemt":"","sfsi_plus_gutenburg_max_per_row":"","footnotes":""},"categories":[13],"tags":[],"class_list":["post-35816","post","type-post","status-publish","format-standard","has-post-thumbnail","hentry","category-esportes"],"_links":{"self":[{"href":"https:\/\/www.caririemacao.com\/1\/wp-json\/wp\/v2\/posts\/35816","targetHints":{"allow":["GET"]}}],"collection":[{"href":"https:\/\/www.caririemacao.com\/1\/wp-json\/wp\/v2\/posts"}],"about":[{"href":"https:\/\/www.caririemacao.com\/1\/wp-json\/wp\/v2\/types\/post"}],"author":[{"embeddable":true,"href":"https:\/\/www.caririemacao.com\/1\/wp-json\/wp\/v2\/users\/2"}],"replies":[{"embeddable":true,"href":"https:\/\/www.caririemacao.com\/1\/wp-json\/wp\/v2\/comments?post=35816"}],"version-history":[{"count":0,"href":"https:\/\/www.caririemacao.com\/1\/wp-json\/wp\/v2\/posts\/35816\/revisions"}],"wp:featuredmedia":[{"embeddable":true,"href":"https:\/\/www.caririemacao.com\/1\/wp-json\/wp\/v2\/media\/35817"}],"wp:attachment":[{"href":"https:\/\/www.caririemacao.com\/1\/wp-json\/wp\/v2\/media?parent=35816"}],"wp:term":[{"taxonomy":"category","embeddable":true,"href":"https:\/\/www.caririemacao.com\/1\/wp-json\/wp\/v2\/categories?post=35816"},{"taxonomy":"post_tag","embeddable":true,"href":"https:\/\/www.caririemacao.com\/1\/wp-json\/wp\/v2\/tags?post=35816"}],"curies":[{"name":"wp","href":"https:\/\/api.w.org\/{rel}","templated":true}]}}