{"id":35819,"date":"2017-12-27T09:17:31","date_gmt":"2017-12-27T12:17:31","guid":{"rendered":"http:\/\/caririemacao.com\/1\/?p=35819"},"modified":"2017-12-27T09:17:31","modified_gmt":"2017-12-27T12:17:31","slug":"prefeito-adriano-wolff-faz-balanco-do-primeiro-ano-de-gestao-em-ssu","status":"publish","type":"post","link":"https:\/\/www.caririemacao.com\/1\/2017\/12\/27\/prefeito-adriano-wolff-faz-balanco-do-primeiro-ano-de-gestao-em-ssu\/","title":{"rendered":"Prefeito Adriano Wolff faz balan\u00e7o do primeiro ano de gest\u00e3o em SSU"},"content":{"rendered":"<p>O Prefeito de S\u00e3o Sebasti\u00e3o do Umbuzeiro, Adriano Wolff (DEM), fez um balan\u00e7o do seu primeiro ano gest\u00e3o no munic\u00edpio durante entrevista nesta ter\u00e7a-feira (26), na R\u00e1dio Monteiro FM. Adriano esteve acompanhado da primeira-dama Melina Morena, do seu filho, Adrian, do assessor Didi Milton, do secret\u00e1rio de obras e servi\u00e7os urbanas, Paulo Feitosa, e do jornalista Emerson Vasconcelos.<\/p>\n<p>Na \u00e1rea da sa\u00fade, o prefeito destacou que sua gest\u00e3o j\u00e1 entregou um ve\u00edculo novo, investiu mais de 200 reais em equipamentos, ampliou o atendimento odontol\u00f3gico e m\u00e9dico, e tem dado total suporte aos problemas b\u00e1sicos de sa\u00fade do munic\u00edpio.<\/p>\n<p>Na educa\u00e7\u00e3o, o gestor afirmou que sua gest\u00e3o j\u00e1 investiu na capacita\u00e7\u00e3o e forma\u00e7\u00e3o de professores, melhorias e amplia\u00e7\u00e3o no transporte escolar, entrega de novo fardamento, aquisi\u00e7\u00e3o de novos livros did\u00e1ticos, reforma da creche, e entre outras a\u00e7\u00f5es.<\/p>\n<p>No esporte, Adriano disse que houve uma grande valoriza\u00e7\u00e3o no seu primeiro ano de gest\u00e3o, como a reforma e amplia\u00e7\u00e3o do campo municipal, reforma do gin\u00e1sio municipal, incentivos a atividades esportivas como o ciclismo e handebol, e a realiza\u00e7\u00e3o de campeonatos de futsal e futebol de campo.<\/p>\n<p>Na agricultura, o prefeito disse que sua gest\u00e3o tem dado um olhar especial, e tem realizado a\u00e7\u00f5es para amenizar a crise h\u00eddrica, como a perfura\u00e7\u00e3o de po\u00e7os, abastecimento de \u00e1gua atrav\u00e9s de carros-pipas, limpeza de barragens, e suporte e apoio aos agricultores.<\/p>\n<p>Na cultura e turismo, Adriano destacou que sua gest\u00e3o vem inovando e modernizando a tradicional \u201cFesta de Janeiro\u201d, e apoiado \u00e0s diversas atividades de cultura e turismo no munic\u00edpio. Adriano lembrou ainda que atrav\u00e9s dos eventos culturais realizados em sua gest\u00e3o geram emprego e renda, movimentando assim, a economia do munic\u00edpio, e que mesmo apesar da crise, a \u201cFesta de Janeiro de 2018\u201d, vir\u00e1 com v\u00e1rias novidades e uma excelente programa\u00e7\u00e3o, com shows de grandes artistas, com o Dorgival Dantas, Samira Show e Zeca Bota Bom &amp; Elson Vaqueiro.<\/p>\n<p>O prefeito ainda destacou que mesmo em meio \u00e0 crise financeira que os munic\u00edpios enfrentam, sua gest\u00e3o tem mantido em dias o pagamento dos servidores p\u00fablicos, e com criatividade e responsabilidade, tem driblado a crise.<\/p>\n<p><strong>REPORTAGEM DA GLOBO<\/strong><\/p>\n<p>O prefeito disse que os gastos reportagem da TV Globo foram custeados pela oposi\u00e7\u00e3o, e que j\u00e1 existe um projeto para a implanta\u00e7\u00e3o de saneamento b\u00e1sico em novas ruas com recursos pr\u00f3prios, e que dever\u00e1 ter in\u00edcio em janeiro de 2018, e que apesar da reportagem dizer que n\u00e3o existem investimentos em saneamento, sua gest\u00e3o j\u00e1 realizou saneamento em algumas ruas do munic\u00edpio esse ano.<\/p>\n<p>Adriano Wolff disse ainda que ser\u00e1 lan\u00e7ado agora em janeiro um edital para a realiza\u00e7\u00e3o do concurso p\u00fablico no munic\u00edpio, que oferecer\u00e1 vagas em diversas \u00e1reas. \u201cA oposi\u00e7\u00e3o em nada contribui pelo munic\u00edpio, e tenta atrapalhar e prejudicar o nosso desenvolvimento e nossa gest\u00e3o\u201d, disse.<\/p>\n<p><strong>CARIRI EM A\u00c7\u00c3O<\/strong><\/p>\n<p><em>Com Cariri Ligado\/Foto: Reprodu\u00e7\u00e3o google<\/em><\/p>\n<p><strong>Leia mais not\u00edcias em\u00a0<\/strong><a href=\"http:\/\/www.caririemacao.com\/\"><strong>caririemacao.com<\/strong><\/a><strong>, siga nossa p\u00e1gina no\u00a0<\/strong><a href=\"https:\/\/www.facebook.com\/CaririEmAcao\/?ref=aymt_homepage_panel\"><strong>Facebook<\/strong><\/a>,<strong>\u00a0<\/strong><a href=\"https:\/\/www.instagram.com\/cariri_em_acao\/?hl=pt-br\"><strong>Instagram<\/strong><\/a><strong>\u00a0e <\/strong><a href=\"https:\/\/www.youtube.com\/channel\/UCAptA0jQuYQy8vMhLt2m4qg\"><strong>Youtube<\/strong><\/a><strong>\u00a0e veja nossas mat\u00e9rias, v\u00eddeos e fotos. Voc\u00ea tamb\u00e9m pode enviar informa\u00e7\u00f5es \u00e0 Reda\u00e7\u00e3o do Portal Cariri em A\u00e7\u00e3o pelo WhatsApp (83) 9 9634.5791, (83) 9 9601-1162.<\/strong><\/p>\n","protected":false},"excerpt":{"rendered":"<p>O Prefeito de S\u00e3o Sebasti\u00e3o do Umbuzeiro, Adriano Wolff (DEM), fez um balan\u00e7o do seu primeiro ano gest\u00e3o no munic\u00edpio durante entrevista nesta ter\u00e7a-feira (26),&hellip; <\/p>\n","protected":false},"author":2,"featured_media":35820,"comment_status":"closed","ping_status":"closed","sticky":false,"template":"","format":"standard","meta":{"sfsi_plus_gutenberg_text_before_share":"","sfsi_plus_gutenberg_show_text_before_share":"","sfsi_plus_gutenberg_icon_type":"","sfsi_plus_gutenberg_icon_alignemt":"","sfsi_plus_gutenburg_max_per_row":"","footnotes":""},"categories":[11],"tags":[],"class_list":["post-35819","post","type-post","status-publish","format-standard","has-post-thumbnail","hentry","category-politica"],"_links":{"self":[{"href":"https:\/\/www.caririemacao.com\/1\/wp-json\/wp\/v2\/posts\/35819","targetHints":{"allow":["GET"]}}],"collection":[{"href":"https:\/\/www.caririemacao.com\/1\/wp-json\/wp\/v2\/posts"}],"about":[{"href":"https:\/\/www.caririemacao.com\/1\/wp-json\/wp\/v2\/types\/post"}],"author":[{"embeddable":true,"href":"https:\/\/www.caririemacao.com\/1\/wp-json\/wp\/v2\/users\/2"}],"replies":[{"embeddable":true,"href":"https:\/\/www.caririemacao.com\/1\/wp-json\/wp\/v2\/comments?post=35819"}],"version-history":[{"count":0,"href":"https:\/\/www.caririemacao.com\/1\/wp-json\/wp\/v2\/posts\/35819\/revisions"}],"wp:featuredmedia":[{"embeddable":true,"href":"https:\/\/www.caririemacao.com\/1\/wp-json\/wp\/v2\/media\/35820"}],"wp:attachment":[{"href":"https:\/\/www.caririemacao.com\/1\/wp-json\/wp\/v2\/media?parent=35819"}],"wp:term":[{"taxonomy":"category","embeddable":true,"href":"https:\/\/www.caririemacao.com\/1\/wp-json\/wp\/v2\/categories?post=35819"},{"taxonomy":"post_tag","embeddable":true,"href":"https:\/\/www.caririemacao.com\/1\/wp-json\/wp\/v2\/tags?post=35819"}],"curies":[{"name":"wp","href":"https:\/\/api.w.org\/{rel}","templated":true}]}}