{"id":35823,"date":"2017-12-27T09:21:49","date_gmt":"2017-12-27T12:21:49","guid":{"rendered":"http:\/\/caririemacao.com\/1\/?p=35823"},"modified":"2017-12-27T09:21:49","modified_gmt":"2017-12-27T12:21:49","slug":"homem-fica-ferido-apos-colidir-moto-em-caminhao-em-monteiro","status":"publish","type":"post","link":"https:\/\/www.caririemacao.com\/1\/2017\/12\/27\/homem-fica-ferido-apos-colidir-moto-em-caminhao-em-monteiro\/","title":{"rendered":"Homem fica ferido ap\u00f3s colidir moto em caminh\u00e3o em Monteiro"},"content":{"rendered":"<div class=\"contentPost\">\n<p>Um homem ficou ferido ap\u00f3s uma colis\u00e3o entre uma moto e um caminh\u00e3o na tarde desta ter\u00e7a-feira, 26, na Rua de Campina, em Monteiro.<\/p>\n<p>Conforme informa\u00e7\u00f5es, o motociclista perdeu o controle da moto ap\u00f3s passar por um quebra-molas, colidindo frontalmente com um caminh\u00e3o. Na moto seguia uma mulher, que n\u00e3o ficou ferida.<\/p>\n<p>A v\u00edtima foi socorrida pelo SAMU e levada para o Hospital local.<\/p>\n<p>A suspeita \u00e9 que o motociclista dirigia sob efeito de \u00e1lcool, o que teria provocado o acidente.<\/p>\n<p><strong>CARIRI EM A\u00c7\u00c3O<\/strong><\/p>\n<p><em>Com Cariri Ligado\/Foto: Reprodu\u00e7\u00e3o Cariri Ligado\u00a0<\/em><\/p>\n<p><strong>Leia mais not\u00edcias em\u00a0<\/strong><a href=\"http:\/\/www.caririemacao.com\/\"><strong>caririemacao.com<\/strong><\/a><strong>, siga nossa p\u00e1gina no\u00a0<\/strong><a href=\"https:\/\/www.facebook.com\/CaririEmAcao\/?ref=aymt_homepage_panel\"><strong>Facebook<\/strong><\/a>,<strong>\u00a0<\/strong><a href=\"https:\/\/www.instagram.com\/cariri_em_acao\/?hl=pt-br\"><strong>Instagram<\/strong><\/a><strong>\u00a0e <\/strong><a href=\"https:\/\/www.youtube.com\/channel\/UCAptA0jQuYQy8vMhLt2m4qg\"><strong>Youtube<\/strong><\/a><strong>\u00a0e veja nossas mat\u00e9rias, v\u00eddeos e fotos. Voc\u00ea tamb\u00e9m pode enviar informa\u00e7\u00f5es \u00e0 Reda\u00e7\u00e3o do Portal Cariri em A\u00e7\u00e3o pelo WhatsApp (83) 9 9634.5791, (83) 9 9601-1162.<\/strong><\/p>\n<\/div>\n","protected":false},"excerpt":{"rendered":"<p>Um homem ficou ferido ap\u00f3s uma colis\u00e3o entre uma moto e um caminh\u00e3o na tarde desta ter\u00e7a-feira, 26, na Rua de Campina, em Monteiro. Conforme&hellip; <\/p>\n","protected":false},"author":2,"featured_media":35825,"comment_status":"closed","ping_status":"closed","sticky":false,"template":"","format":"standard","meta":{"sfsi_plus_gutenberg_text_before_share":"","sfsi_plus_gutenberg_show_text_before_share":"","sfsi_plus_gutenberg_icon_type":"","sfsi_plus_gutenberg_icon_alignemt":"","sfsi_plus_gutenburg_max_per_row":"","footnotes":""},"categories":[12],"tags":[],"class_list":["post-35823","post","type-post","status-publish","format-standard","has-post-thumbnail","hentry","category-policia"],"_links":{"self":[{"href":"https:\/\/www.caririemacao.com\/1\/wp-json\/wp\/v2\/posts\/35823","targetHints":{"allow":["GET"]}}],"collection":[{"href":"https:\/\/www.caririemacao.com\/1\/wp-json\/wp\/v2\/posts"}],"about":[{"href":"https:\/\/www.caririemacao.com\/1\/wp-json\/wp\/v2\/types\/post"}],"author":[{"embeddable":true,"href":"https:\/\/www.caririemacao.com\/1\/wp-json\/wp\/v2\/users\/2"}],"replies":[{"embeddable":true,"href":"https:\/\/www.caririemacao.com\/1\/wp-json\/wp\/v2\/comments?post=35823"}],"version-history":[{"count":0,"href":"https:\/\/www.caririemacao.com\/1\/wp-json\/wp\/v2\/posts\/35823\/revisions"}],"wp:featuredmedia":[{"embeddable":true,"href":"https:\/\/www.caririemacao.com\/1\/wp-json\/wp\/v2\/media\/35825"}],"wp:attachment":[{"href":"https:\/\/www.caririemacao.com\/1\/wp-json\/wp\/v2\/media?parent=35823"}],"wp:term":[{"taxonomy":"category","embeddable":true,"href":"https:\/\/www.caririemacao.com\/1\/wp-json\/wp\/v2\/categories?post=35823"},{"taxonomy":"post_tag","embeddable":true,"href":"https:\/\/www.caririemacao.com\/1\/wp-json\/wp\/v2\/tags?post=35823"}],"curies":[{"name":"wp","href":"https:\/\/api.w.org\/{rel}","templated":true}]}}