{"id":35828,"date":"2017-12-27T09:27:39","date_gmt":"2017-12-27T12:27:39","guid":{"rendered":"http:\/\/caririemacao.com\/1\/?p=35828"},"modified":"2017-12-27T09:27:39","modified_gmt":"2017-12-27T12:27:39","slug":"rangel-junior-preve-ano-de-mais-dificuldades-para-universidade-estadual","status":"publish","type":"post","link":"https:\/\/www.caririemacao.com\/1\/2017\/12\/27\/rangel-junior-preve-ano-de-mais-dificuldades-para-universidade-estadual\/","title":{"rendered":"Rangel J\u00fanior prev\u00ea ano de mais dificuldades para Universidade Estadual"},"content":{"rendered":"<p>O Reitor da Universidade Estadual da Para\u00edba (UEPB), Rangel J\u00fanior, prev\u00ea um ano de mais dificuldades financeiras, em 2018, no comparativo com 2017. Ele esclarece que a Lei Or\u00e7ament\u00e1ria Anual do Estado para o pr\u00f3ximo ano estabeleceu um or\u00e7amento de R$ 317 milh\u00f5es para a institui\u00e7\u00e3o, recursos id\u00eanticos ao do ano que est\u00e1 terminando.<\/p>\n<div>\u201cEu n\u00e3o tenho a menor condi\u00e7\u00e3o de prever algo positivo para a universidade no pr\u00f3ximo ano. A \u00fanica promessa que temos agora \u00e9 que o or\u00e7amento de 2017 ser\u00e1 repetido em 2018. Mas n\u00f3s estamos ainda fazendo valer o or\u00e7amento de 2017, a sua execu\u00e7\u00e3o, que j\u00e1 \u00e9 a repeti\u00e7\u00e3o de 2016, ou seja, tr\u00eas anos com o mesmo financeiro para trabalhar na UEPB com infla\u00e7\u00e3o, com necessidades outras. Ent\u00e3o, a gente de fato sobrevive com muita dificuldade.<\/div>\n<div><\/div>\n<div>Apesar das dificuldades, Rangel J\u00fanior promete atravessar a tempestade. \u201cEu espero para 2018 \u00e9 um pouco mais de dificuldades, mas n\u00f3s j\u00e1 estamos calejados nesse aspecto. Vamos enfrent\u00e1-las de todas as formas com elas se apresentarem e atravessar essa tempestade\u201d, concluiu o reitor.<\/div>\n<div><\/div>\n<div><strong>CARIRI EM A\u00c7\u00c3O<\/strong><\/div>\n<div>\n<p><em>Com Jonal da Para\u00edba\/Foto: Reprodu\u00e7\u00e3o google<\/em><\/p>\n<p><strong>Leia mais not\u00edcias em\u00a0<\/strong><a href=\"http:\/\/www.caririemacao.com\/\"><strong>caririemacao.com<\/strong><\/a><strong>, siga nossa p\u00e1gina no\u00a0<\/strong><a href=\"https:\/\/www.facebook.com\/CaririEmAcao\/?ref=aymt_homepage_panel\"><strong>Facebook<\/strong><\/a>,<strong>\u00a0<\/strong><a href=\"https:\/\/www.instagram.com\/cariri_em_acao\/?hl=pt-br\"><strong>Instagram<\/strong><\/a><strong>\u00a0e <\/strong><a href=\"https:\/\/www.youtube.com\/channel\/UCAptA0jQuYQy8vMhLt2m4qg\"><strong>Youtube<\/strong><\/a><strong>\u00a0e veja nossas mat\u00e9rias, v\u00eddeos e fotos. Voc\u00ea tamb\u00e9m pode enviar informa\u00e7\u00f5es \u00e0 Reda\u00e7\u00e3o do Portal Cariri em A\u00e7\u00e3o pelo WhatsApp (83) 9 9634.5791, (83) 9 9601-1162.<\/strong><\/p>\n<\/div>\n","protected":false},"excerpt":{"rendered":"<p>O Reitor da Universidade Estadual da Para\u00edba (UEPB), Rangel J\u00fanior, prev\u00ea um ano de mais dificuldades financeiras, em 2018, no comparativo com 2017. Ele esclarece&hellip; <\/p>\n","protected":false},"author":2,"featured_media":35829,"comment_status":"closed","ping_status":"closed","sticky":false,"template":"","format":"standard","meta":{"sfsi_plus_gutenberg_text_before_share":"","sfsi_plus_gutenberg_show_text_before_share":"","sfsi_plus_gutenberg_icon_type":"","sfsi_plus_gutenberg_icon_alignemt":"","sfsi_plus_gutenburg_max_per_row":"","footnotes":""},"categories":[14],"tags":[],"class_list":["post-35828","post","type-post","status-publish","format-standard","has-post-thumbnail","hentry","category-educacao"],"_links":{"self":[{"href":"https:\/\/www.caririemacao.com\/1\/wp-json\/wp\/v2\/posts\/35828","targetHints":{"allow":["GET"]}}],"collection":[{"href":"https:\/\/www.caririemacao.com\/1\/wp-json\/wp\/v2\/posts"}],"about":[{"href":"https:\/\/www.caririemacao.com\/1\/wp-json\/wp\/v2\/types\/post"}],"author":[{"embeddable":true,"href":"https:\/\/www.caririemacao.com\/1\/wp-json\/wp\/v2\/users\/2"}],"replies":[{"embeddable":true,"href":"https:\/\/www.caririemacao.com\/1\/wp-json\/wp\/v2\/comments?post=35828"}],"version-history":[{"count":0,"href":"https:\/\/www.caririemacao.com\/1\/wp-json\/wp\/v2\/posts\/35828\/revisions"}],"wp:featuredmedia":[{"embeddable":true,"href":"https:\/\/www.caririemacao.com\/1\/wp-json\/wp\/v2\/media\/35829"}],"wp:attachment":[{"href":"https:\/\/www.caririemacao.com\/1\/wp-json\/wp\/v2\/media?parent=35828"}],"wp:term":[{"taxonomy":"category","embeddable":true,"href":"https:\/\/www.caririemacao.com\/1\/wp-json\/wp\/v2\/categories?post=35828"},{"taxonomy":"post_tag","embeddable":true,"href":"https:\/\/www.caririemacao.com\/1\/wp-json\/wp\/v2\/tags?post=35828"}],"curies":[{"name":"wp","href":"https:\/\/api.w.org\/{rel}","templated":true}]}}