{"id":35834,"date":"2017-12-27T09:36:03","date_gmt":"2017-12-27T12:36:03","guid":{"rendered":"http:\/\/caririemacao.com\/1\/?p=35834"},"modified":"2017-12-27T09:36:03","modified_gmt":"2017-12-27T12:36:03","slug":"empreender-paraiba-abre-inscricoes-nesta-quarta","status":"publish","type":"post","link":"https:\/\/www.caririemacao.com\/1\/2017\/12\/27\/empreender-paraiba-abre-inscricoes-nesta-quarta\/","title":{"rendered":"Empreender Para\u00edba abre inscri\u00e7\u00f5es nesta quarta"},"content":{"rendered":"<p>O programa Empreender Para\u00edba abre, nesta quarta-feira (27), as inscri\u00e7\u00f5es para concess\u00f5es de cr\u00e9dito em 14 Munic\u00edpios. As inscri\u00e7\u00f5es s\u00e3o gratuitas e podem ser realizadas por pessoas f\u00edsicas e jur\u00eddicas maiores de 18 anos ou legalmente emancipadas que residam na Para\u00edba h\u00e1 mais de seis meses. Os interessados devem acessar o endere\u00e7o eletr\u00f4nico\u00a0<a href=\"http:\/\/www.empreender.pb.gov.br\/\" data-saferedirecturl=\"https:\/\/www.google.com\/url?hl=pt-BR&amp;q=http:\/\/www.empreender.pb.gov.br&amp;source=gmail&amp;ust=1514406302028000&amp;usg=AFQjCNEdmrOfIsdquc6xYaFZH2l_pNzEnA\"><strong>www.empreender.pb.gov.br<\/strong><\/a>\u00a0e fazer o cadastramento.<\/p>\n<p>Os munic\u00edpios nos quais ser\u00e3o ofertadas as 14 linhas de cr\u00e9dito disponibilizadas pelo Empreender PB s\u00e3o: Cajazeiras, Bernadino Batista, Bonito de Santa F\u00e9, Cajazeirinhas, Pombal, Condado, S\u00e3o Domingos de Pombal, Sousa, Vieiropolis, S\u00e3o Jos\u00e9 da Lagoa Tapada, S\u00e3o Bento, Itaporanga, Aguiar e Coremas.<\/p>\n<p>A documenta\u00e7\u00e3o necess\u00e1ria para inscri\u00e7\u00e3o varia de acordo com a exig\u00eancia de cada linha de cr\u00e9dito, cujas informa\u00e7\u00f5es podem ser encontradas por meio do\u00a0<strong><a href=\"http:\/\/www.empreender.pb.gov.br\/editais\/download\" target=\"_blank\" rel=\"noopener\">edital dispon\u00edvel<\/a><\/strong>\u00a0no portal do Empreender PB.<\/p>\n<p>O Programa Empreender PB tem como prioridade a concess\u00e3o de cr\u00e9dito produtivo orientado com o objetivo de incentivar a gera\u00e7\u00e3o de ocupa\u00e7\u00e3o e renda entre os empreendedores paraibanos, bem como apoiar e fortalecer a economia solid\u00e1ria, o micro empreendedor individual, o microempres\u00e1rio, o empres\u00e1rio de pequeno porte e as cooperativas de produ\u00e7\u00e3o do Estado da Para\u00edba.<\/p>\n<p>O programa possui 14 linhas de cr\u00e9dito: Para pessoas f\u00edsicas \u2013 Empreender Artesanato, Empreender Cultural, Empreender Juventudes, Empreender Motociclista Profissional, Empreender Mulher, Empreender Pessoa F\u00edsica, Empreender Profissional Liberal, Empreender Profissional Liberal Juventudes. Para pessoas jur\u00eddicas: Empreender Cooperativas, Empreender Cultural, Empreender Inova\u00e7\u00e3o Tecnol\u00f3gica (ME-MPE-EPP), Empreender Inova\u00e7\u00e3o Tecnol\u00f3gica (MEI-EI-EIRELI), Empreender Pessoa Jur\u00eddica, Empreender Prefeituras.<\/p>\n<p><strong>CARIRI EM A\u00c7\u00c3O<\/strong><\/p>\n<p>Com Portal Correio\/Foto:Divulga\u00e7\u00e3o<\/p>\n<p><strong>Leia mais not\u00edcias em\u00a0<\/strong><a href=\"http:\/\/www.caririemacao.com\/\"><strong>caririemacao.com<\/strong><\/a><strong>, siga nossa p\u00e1gina no\u00a0<\/strong><a href=\"https:\/\/www.facebook.com\/CaririEmAcao\/?ref=aymt_homepage_panel\"><strong>Facebook<\/strong><\/a>,<strong>\u00a0<\/strong><a href=\"https:\/\/www.instagram.com\/cariri_em_acao\/?hl=pt-br\"><strong>Instagram<\/strong><\/a><strong>\u00a0e <\/strong><a href=\"https:\/\/www.youtube.com\/channel\/UCAptA0jQuYQy8vMhLt2m4qg\"><strong>Youtube<\/strong><\/a><strong>\u00a0e veja nossas mat\u00e9rias, v\u00eddeos e fotos. Voc\u00ea tamb\u00e9m pode enviar informa\u00e7\u00f5es \u00e0 Reda\u00e7\u00e3o do Portal Cariri em A\u00e7\u00e3o pelo WhatsApp (83) 9 9634.5791, (83) 9 9601-1162.<\/strong><\/p>\n","protected":false},"excerpt":{"rendered":"<p>O programa Empreender Para\u00edba abre, nesta quarta-feira (27), as inscri\u00e7\u00f5es para concess\u00f5es de cr\u00e9dito em 14 Munic\u00edpios. As inscri\u00e7\u00f5es s\u00e3o gratuitas e podem ser realizadas&hellip; <\/p>\n","protected":false},"author":2,"featured_media":35835,"comment_status":"closed","ping_status":"closed","sticky":false,"template":"","format":"standard","meta":{"sfsi_plus_gutenberg_text_before_share":"","sfsi_plus_gutenberg_show_text_before_share":"","sfsi_plus_gutenberg_icon_type":"","sfsi_plus_gutenberg_icon_alignemt":"","sfsi_plus_gutenburg_max_per_row":"","footnotes":""},"categories":[2],"tags":[],"class_list":["post-35834","post","type-post","status-publish","format-standard","has-post-thumbnail","hentry","category-geral"],"_links":{"self":[{"href":"https:\/\/www.caririemacao.com\/1\/wp-json\/wp\/v2\/posts\/35834","targetHints":{"allow":["GET"]}}],"collection":[{"href":"https:\/\/www.caririemacao.com\/1\/wp-json\/wp\/v2\/posts"}],"about":[{"href":"https:\/\/www.caririemacao.com\/1\/wp-json\/wp\/v2\/types\/post"}],"author":[{"embeddable":true,"href":"https:\/\/www.caririemacao.com\/1\/wp-json\/wp\/v2\/users\/2"}],"replies":[{"embeddable":true,"href":"https:\/\/www.caririemacao.com\/1\/wp-json\/wp\/v2\/comments?post=35834"}],"version-history":[{"count":0,"href":"https:\/\/www.caririemacao.com\/1\/wp-json\/wp\/v2\/posts\/35834\/revisions"}],"wp:featuredmedia":[{"embeddable":true,"href":"https:\/\/www.caririemacao.com\/1\/wp-json\/wp\/v2\/media\/35835"}],"wp:attachment":[{"href":"https:\/\/www.caririemacao.com\/1\/wp-json\/wp\/v2\/media?parent=35834"}],"wp:term":[{"taxonomy":"category","embeddable":true,"href":"https:\/\/www.caririemacao.com\/1\/wp-json\/wp\/v2\/categories?post=35834"},{"taxonomy":"post_tag","embeddable":true,"href":"https:\/\/www.caririemacao.com\/1\/wp-json\/wp\/v2\/tags?post=35834"}],"curies":[{"name":"wp","href":"https:\/\/api.w.org\/{rel}","templated":true}]}}