{"id":35841,"date":"2017-12-27T10:13:20","date_gmt":"2017-12-27T13:13:20","guid":{"rendered":"http:\/\/caririemacao.com\/1\/?p=35841"},"modified":"2017-12-27T10:13:20","modified_gmt":"2017-12-27T13:13:20","slug":"anvisa-proibe-uso-de-produto-para-tratamento-de-cabelo","status":"publish","type":"post","link":"https:\/\/www.caririemacao.com\/1\/2017\/12\/27\/anvisa-proibe-uso-de-produto-para-tratamento-de-cabelo\/","title":{"rendered":"Anvisa pro\u00edbe uso de produto para tratamento de cabelo"},"content":{"rendered":"<p>A Ag\u00eancia Nacional de Vigil\u00e2ncia Sanit\u00e1ria (Anvisa) vetou a fabrica\u00e7\u00e3o, distribui\u00e7\u00e3o, divulga\u00e7\u00e3o, comercializa\u00e7\u00e3o e uso do cosm\u00e9tico Marroquina Sistema\u00a0Bio\u00a0Restore. O produto, utilizado\u00a0para\u00a0procedimento capilar chamado escova marroquina, n\u00e3o tinha registro na Ag\u00eancia.<\/p>\n<p>Al\u00e9m de n\u00e3o\u00a0ser registrado, o\u00a0que j\u00e1 caracteriza a\u00a0irregularidade, o cosm\u00e9tico ainda atribu\u00eda a fabrica\u00e7\u00e3o e a distribui\u00e7\u00e3o do produto\u00a0a duas empresas que n\u00e3o s\u00e3o respons\u00e1veis pelo cosm\u00e9tico.<\/p>\n<p>Ainda segundo a Anvisa, os respons\u00e1veis\u00a0pelo\u00a0Marroquina Sistema\u00a0Bio\u00a0Restore\u00a0ter\u00e3o\u00a0de retirar o estoque existente no mercado.<\/p>\n<p><strong>CARIRI EM A\u00c7\u00c3O<\/strong><\/p>\n<p><em>Com Portal Correio\/Foto: Reprodu\u00e7\u00e3o google<\/em><\/p>\n<p><strong>Leia mais not\u00edcias em\u00a0<\/strong><a href=\"http:\/\/www.caririemacao.com\/\"><strong>caririemacao.com<\/strong><\/a><strong>, siga nossa p\u00e1gina no\u00a0<\/strong><a href=\"https:\/\/www.facebook.com\/CaririEmAcao\/?ref=aymt_homepage_panel\"><strong>Facebook<\/strong><\/a>,<strong>\u00a0<\/strong><a href=\"https:\/\/www.instagram.com\/cariri_em_acao\/?hl=pt-br\"><strong>Instagram<\/strong><\/a><strong>\u00a0e <\/strong><a href=\"https:\/\/www.youtube.com\/channel\/UCAptA0jQuYQy8vMhLt2m4qg\"><strong>Youtube<\/strong><\/a><strong>\u00a0e veja nossas mat\u00e9rias, v\u00eddeos e fotos. Voc\u00ea tamb\u00e9m pode enviar informa\u00e7\u00f5es \u00e0 Reda\u00e7\u00e3o do Portal Cariri em A\u00e7\u00e3o pelo WhatsApp (83) 9 9634.5791, (83) 9 9601-1162.<\/strong><\/p>\n","protected":false},"excerpt":{"rendered":"<p>A Ag\u00eancia Nacional de Vigil\u00e2ncia Sanit\u00e1ria (Anvisa) vetou a fabrica\u00e7\u00e3o, distribui\u00e7\u00e3o, divulga\u00e7\u00e3o, comercializa\u00e7\u00e3o e uso do cosm\u00e9tico Marroquina Sistema\u00a0Bio\u00a0Restore. O produto, utilizado\u00a0para\u00a0procedimento capilar chamado escova&hellip; <\/p>\n","protected":false},"author":2,"featured_media":35842,"comment_status":"closed","ping_status":"closed","sticky":false,"template":"","format":"standard","meta":{"sfsi_plus_gutenberg_text_before_share":"","sfsi_plus_gutenberg_show_text_before_share":"","sfsi_plus_gutenberg_icon_type":"","sfsi_plus_gutenberg_icon_alignemt":"","sfsi_plus_gutenburg_max_per_row":"","footnotes":""},"categories":[2],"tags":[],"class_list":["post-35841","post","type-post","status-publish","format-standard","has-post-thumbnail","hentry","category-geral"],"_links":{"self":[{"href":"https:\/\/www.caririemacao.com\/1\/wp-json\/wp\/v2\/posts\/35841","targetHints":{"allow":["GET"]}}],"collection":[{"href":"https:\/\/www.caririemacao.com\/1\/wp-json\/wp\/v2\/posts"}],"about":[{"href":"https:\/\/www.caririemacao.com\/1\/wp-json\/wp\/v2\/types\/post"}],"author":[{"embeddable":true,"href":"https:\/\/www.caririemacao.com\/1\/wp-json\/wp\/v2\/users\/2"}],"replies":[{"embeddable":true,"href":"https:\/\/www.caririemacao.com\/1\/wp-json\/wp\/v2\/comments?post=35841"}],"version-history":[{"count":0,"href":"https:\/\/www.caririemacao.com\/1\/wp-json\/wp\/v2\/posts\/35841\/revisions"}],"wp:featuredmedia":[{"embeddable":true,"href":"https:\/\/www.caririemacao.com\/1\/wp-json\/wp\/v2\/media\/35842"}],"wp:attachment":[{"href":"https:\/\/www.caririemacao.com\/1\/wp-json\/wp\/v2\/media?parent=35841"}],"wp:term":[{"taxonomy":"category","embeddable":true,"href":"https:\/\/www.caririemacao.com\/1\/wp-json\/wp\/v2\/categories?post=35841"},{"taxonomy":"post_tag","embeddable":true,"href":"https:\/\/www.caririemacao.com\/1\/wp-json\/wp\/v2\/tags?post=35841"}],"curies":[{"name":"wp","href":"https:\/\/api.w.org\/{rel}","templated":true}]}}