{"id":35853,"date":"2017-12-27T11:02:36","date_gmt":"2017-12-27T14:02:36","guid":{"rendered":"http:\/\/caririemacao.com\/1\/?p=35853"},"modified":"2017-12-27T11:02:36","modified_gmt":"2017-12-27T14:02:36","slug":"camara-rejeita-pedido-de-cassacao-de-vereador-que-publicou-video-se-masturbando","status":"publish","type":"post","link":"https:\/\/www.caririemacao.com\/1\/2017\/12\/27\/camara-rejeita-pedido-de-cassacao-de-vereador-que-publicou-video-se-masturbando\/","title":{"rendered":"C\u00e2mara rejeita pedido de cassa\u00e7\u00e3o de vereador que publicou v\u00eddeo se masturbando"},"content":{"rendered":"<p>O\u00a0pedido de cassa\u00e7\u00e3o contra o mandato do vereador de Montadas, Sebasti\u00e3o da Costa Silva (PSB)\u00a0foi rejeitado na noite de ter\u00e7a-feira (26) por cinco votos contr\u00e1rios e tr\u00eas favor\u00e1veis dos oito vereadores que analisaram a continuidade do processo. O parlamentar tornou-se ao alvo do pedido ap\u00f3s aparecer em um v\u00eddeo se masturbando dentro de uma escola p\u00fablica.<\/p>\n<p>A vota\u00e7\u00e3o do processo foi feita durante sess\u00e3o extraordin\u00e1ria convocada pela Mesa Diretora da C\u00e2mara Municipal. O pedido analisado pelos vereadores foi apresentado pelo suplente de Sebasti\u00e3o, Michel Platini (PSB). Ele alegava a quebra de decoro parlamentar. O v\u00eddeo do parlamentar se masturbando foi postado de forma p\u00fablica no perfil do Facebook, no dia 19 de dezembro.<\/p>\n<h4>Vereador diz que n\u00e3o sabe como aconteceu<\/h4>\n<p>Na imagem, Sebasti\u00e3o da Costa aparece se masturbando em uma sala da Escola Estadual Maria Jos\u00e9 de Sousa, na cidade de Montadas. O v\u00eddeo teve dura cerca de 30 segundos e viralizou em outras redes sociais, mesmo depois da original ser apagada. O vereador alvo do pedido de cassa\u00e7\u00e3o disse que n\u00e3o sabe como postou o v\u00eddeo. Ele acredita que tenha ocorrido um toque indevido no \u2018touch screen\u2019 da tela do celular dele, onde fica logada a rede social.<\/p>\n<p><strong>CARIRI EM A\u00c7\u00c3O<\/strong><\/p>\n<p>Com Jornal da Para\u00edba\/Foto: Reprodu\u00e7\u00e3o google<\/p>\n<p><strong>Leia mais not\u00edcias em\u00a0<\/strong><a href=\"http:\/\/www.caririemacao.com\/\"><strong>caririemacao.com<\/strong><\/a><strong>, siga nossa p\u00e1gina no\u00a0<\/strong><a href=\"https:\/\/www.facebook.com\/CaririEmAcao\/?ref=aymt_homepage_panel\"><strong>Facebook<\/strong><\/a>,<strong>\u00a0<\/strong><a href=\"https:\/\/www.instagram.com\/cariri_em_acao\/?hl=pt-br\"><strong>Instagram<\/strong><\/a><strong>\u00a0e <\/strong><a href=\"https:\/\/www.youtube.com\/channel\/UCAptA0jQuYQy8vMhLt2m4qg\"><strong>Youtube<\/strong><\/a><strong>\u00a0e veja nossas mat\u00e9rias, v\u00eddeos e fotos. Voc\u00ea tamb\u00e9m pode enviar informa\u00e7\u00f5es \u00e0 Reda\u00e7\u00e3o do Portal Cariri em A\u00e7\u00e3o pelo WhatsApp (83) 9 9634.5791, (83) 9 9601-1162.<\/strong><\/p>\n","protected":false},"excerpt":{"rendered":"<p>O\u00a0pedido de cassa\u00e7\u00e3o contra o mandato do vereador de Montadas, Sebasti\u00e3o da Costa Silva (PSB)\u00a0foi rejeitado na noite de ter\u00e7a-feira (26) por cinco votos contr\u00e1rios&hellip; <\/p>\n","protected":false},"author":2,"featured_media":35854,"comment_status":"closed","ping_status":"closed","sticky":false,"template":"","format":"standard","meta":{"sfsi_plus_gutenberg_text_before_share":"","sfsi_plus_gutenberg_show_text_before_share":"","sfsi_plus_gutenberg_icon_type":"","sfsi_plus_gutenberg_icon_alignemt":"","sfsi_plus_gutenburg_max_per_row":"","footnotes":""},"categories":[11],"tags":[],"class_list":["post-35853","post","type-post","status-publish","format-standard","has-post-thumbnail","hentry","category-politica"],"_links":{"self":[{"href":"https:\/\/www.caririemacao.com\/1\/wp-json\/wp\/v2\/posts\/35853","targetHints":{"allow":["GET"]}}],"collection":[{"href":"https:\/\/www.caririemacao.com\/1\/wp-json\/wp\/v2\/posts"}],"about":[{"href":"https:\/\/www.caririemacao.com\/1\/wp-json\/wp\/v2\/types\/post"}],"author":[{"embeddable":true,"href":"https:\/\/www.caririemacao.com\/1\/wp-json\/wp\/v2\/users\/2"}],"replies":[{"embeddable":true,"href":"https:\/\/www.caririemacao.com\/1\/wp-json\/wp\/v2\/comments?post=35853"}],"version-history":[{"count":0,"href":"https:\/\/www.caririemacao.com\/1\/wp-json\/wp\/v2\/posts\/35853\/revisions"}],"wp:featuredmedia":[{"embeddable":true,"href":"https:\/\/www.caririemacao.com\/1\/wp-json\/wp\/v2\/media\/35854"}],"wp:attachment":[{"href":"https:\/\/www.caririemacao.com\/1\/wp-json\/wp\/v2\/media?parent=35853"}],"wp:term":[{"taxonomy":"category","embeddable":true,"href":"https:\/\/www.caririemacao.com\/1\/wp-json\/wp\/v2\/categories?post=35853"},{"taxonomy":"post_tag","embeddable":true,"href":"https:\/\/www.caririemacao.com\/1\/wp-json\/wp\/v2\/tags?post=35853"}],"curies":[{"name":"wp","href":"https:\/\/api.w.org\/{rel}","templated":true}]}}