{"id":35860,"date":"2017-12-27T13:33:22","date_gmt":"2017-12-27T16:33:22","guid":{"rendered":"http:\/\/caririemacao.com\/1\/?p=35860"},"modified":"2017-12-27T13:33:22","modified_gmt":"2017-12-27T16:33:22","slug":"cdsa-realiza-colacao-de-grau-das-turmas-concluintes-de-2017-1-nesta-quarta-feira","status":"publish","type":"post","link":"https:\/\/www.caririemacao.com\/1\/2017\/12\/27\/cdsa-realiza-colacao-de-grau-das-turmas-concluintes-de-2017-1-nesta-quarta-feira\/","title":{"rendered":"CDSA realiza cola\u00e7\u00e3o de grau das turmas concluintes de 2017.1 nesta quarta-feira"},"content":{"rendered":"<p>O Centro de Desenvolvimento Sustent\u00e1vel do Semi\u00e1rido da Universidade Federal de Campina Grande realizar\u00e1 nesta quarta-feira, 27 de dezembro, \u00e0s 19h, no Gin\u00e1sio \u201cO Net\u00e3o\u201d, em Sum\u00e9-PB, a solenidade de Cola\u00e7\u00e3o de Grau das turmas concluintes do per\u00edodo letivo 2017.1.<\/p>\n<p>Colar\u00e3o grau estudantes dos cursos de Licenciatura em Educa\u00e7\u00e3o do Campo, Superior de Tecnologia em Gest\u00e3o P\u00fablica, Superior de Tecnologia em Agroecologia.<\/p>\n<p>Seguindo a tradi\u00e7\u00e3o da solenidade, a personalidade homenageada ser\u00e1 o deputado federal, Luiz Couto, escolhido como Paraninfo das turmas concluintes.<\/p>\n<p>Os formandos Thyago Carneiro de Brito (Superior de Tecnologia em Agroecologia), Mariana Carla Leite de Menezes (Educa\u00e7\u00e3o do Campo) e Ruzyo Lavuzye Santos Souza (Superior de Tecnologia em Gest\u00e3o P\u00fablica), proferir\u00e3o o juramento, representando os demais concluintes dos seus respectivos cursos.<\/p>\n<p>Receber\u00e3o grau em nome dos seus colegas de cursos, os formandos Nayane Viana Gomes (Agroecologia), \u00c9rico Gustavo de Sousa Queiroz (Educa\u00e7\u00e3o do Campo) e Tuane Soares Pereira (Gest\u00e3o P\u00fablica).<\/p>\n<p>O orador das turmas concluintes ser\u00e1 o formando Rafael Barros.<\/p>\n<p><strong>\u00a0<\/strong><strong>CARIRI EM A\u00c7\u00c3O<\/strong><\/p>\n<p>(Rosenato Barreto \u2013 Assimp CDSA\/UFCG)<\/p>\n<p><strong style=\"font-style: inherit;\">Leia mais not\u00edcias em\u00a0<\/strong><a style=\"font-style: inherit; font-weight: inherit;\" href=\"http:\/\/www.caririemacao.com\/\"><strong style=\"font-style: inherit;\">caririemacao.com<\/strong><\/a><strong style=\"font-style: inherit;\">, siga nossa p\u00e1gina no\u00a0<\/strong><a style=\"font-style: inherit; font-weight: inherit;\" href=\"https:\/\/www.facebook.com\/CaririEmAcao\/?ref=aymt_homepage_panel\"><strong style=\"font-style: inherit;\">Facebook<\/strong><\/a>,<strong style=\"font-style: inherit;\">\u00a0<\/strong><a style=\"font-style: inherit; font-weight: inherit;\" href=\"https:\/\/www.instagram.com\/cariri_em_acao\/?hl=pt-br\"><strong style=\"font-style: inherit;\">Instagram<\/strong><\/a><strong style=\"font-style: inherit;\">\u00a0e\u00a0<\/strong><a style=\"font-style: inherit; font-weight: inherit;\" href=\"https:\/\/www.youtube.com\/channel\/UCAptA0jQuYQy8vMhLt2m4qg\"><strong style=\"font-style: inherit;\">Youtube<\/strong><\/a><strong style=\"font-style: inherit;\">\u00a0e veja nossas mat\u00e9rias, v\u00eddeos e fotos. Voc\u00ea tamb\u00e9m pode enviar informa\u00e7\u00f5es \u00e0 Reda\u00e7\u00e3o do Portal Cariri em A\u00e7\u00e3o pelo WhatsApp (83) 9 9634.5791, (83) 9 9601-1162.<\/strong><\/p>\n<p>&nbsp;<\/p>\n","protected":false},"excerpt":{"rendered":"<p>O Centro de Desenvolvimento Sustent\u00e1vel do Semi\u00e1rido da Universidade Federal de Campina Grande realizar\u00e1 nesta quarta-feira, 27 de dezembro, \u00e0s 19h, no Gin\u00e1sio \u201cO Net\u00e3o\u201d,&hellip; <\/p>\n","protected":false},"author":2,"featured_media":35861,"comment_status":"closed","ping_status":"closed","sticky":false,"template":"","format":"standard","meta":{"sfsi_plus_gutenberg_text_before_share":"","sfsi_plus_gutenberg_show_text_before_share":"","sfsi_plus_gutenberg_icon_type":"","sfsi_plus_gutenberg_icon_alignemt":"","sfsi_plus_gutenburg_max_per_row":"","footnotes":""},"categories":[2],"tags":[],"class_list":["post-35860","post","type-post","status-publish","format-standard","has-post-thumbnail","hentry","category-geral"],"_links":{"self":[{"href":"https:\/\/www.caririemacao.com\/1\/wp-json\/wp\/v2\/posts\/35860","targetHints":{"allow":["GET"]}}],"collection":[{"href":"https:\/\/www.caririemacao.com\/1\/wp-json\/wp\/v2\/posts"}],"about":[{"href":"https:\/\/www.caririemacao.com\/1\/wp-json\/wp\/v2\/types\/post"}],"author":[{"embeddable":true,"href":"https:\/\/www.caririemacao.com\/1\/wp-json\/wp\/v2\/users\/2"}],"replies":[{"embeddable":true,"href":"https:\/\/www.caririemacao.com\/1\/wp-json\/wp\/v2\/comments?post=35860"}],"version-history":[{"count":0,"href":"https:\/\/www.caririemacao.com\/1\/wp-json\/wp\/v2\/posts\/35860\/revisions"}],"wp:featuredmedia":[{"embeddable":true,"href":"https:\/\/www.caririemacao.com\/1\/wp-json\/wp\/v2\/media\/35861"}],"wp:attachment":[{"href":"https:\/\/www.caririemacao.com\/1\/wp-json\/wp\/v2\/media?parent=35860"}],"wp:term":[{"taxonomy":"category","embeddable":true,"href":"https:\/\/www.caririemacao.com\/1\/wp-json\/wp\/v2\/categories?post=35860"},{"taxonomy":"post_tag","embeddable":true,"href":"https:\/\/www.caririemacao.com\/1\/wp-json\/wp\/v2\/tags?post=35860"}],"curies":[{"name":"wp","href":"https:\/\/api.w.org\/{rel}","templated":true}]}}