{"id":35869,"date":"2017-12-28T04:37:51","date_gmt":"2017-12-28T07:37:51","guid":{"rendered":"http:\/\/caririemacao.com\/1\/?p=35869"},"modified":"2017-12-28T04:37:51","modified_gmt":"2017-12-28T07:37:51","slug":"raquel-dodge-vai-ao-stf-contra-indulto-de-natal-de-temer","status":"publish","type":"post","link":"https:\/\/www.caririemacao.com\/1\/2017\/12\/28\/raquel-dodge-vai-ao-stf-contra-indulto-de-natal-de-temer\/","title":{"rendered":"Raquel Dodge vai ao STF contra indulto de Natal de Temer"},"content":{"rendered":"<p>A procuradora-geral da Rep\u00fablica,\u00a0Raquel Dodge, ajuizou nesta quarta-feira (27) uma\u00a0a\u00e7\u00e3o direta de\u00a0inconstitucionalidade\u00a0no Supremo Tribunal Federal (STF) para contestar o\u00a0decreto de indulto de Natal\u00a0e comuta\u00e7\u00e3o de penas a condenados de todo o pa\u00eds assinado pelo presidente Michel\u00a0Temer. Para ela, a medida coloca em risco a Opera\u00e7\u00e3o\u00a0Lava Jato, \u201cmaterializa o comportamento de que o crime compensa\u201d e ser\u00e1 \u201ccausa \u00fanica e prec\u00edpua de impunidade de crimes graves\u201d.<\/p>\n<p>Para a procuradora,\u00a0a norma\u00a0fere a Constitui\u00e7\u00e3o Federal\u00a0ao prever a possibilidade de exonerar o acusado de penas patrimoniais e n\u00e3o apenas das relativas \u00e0 pris\u00e3o, al\u00e9m de permitir a paralisa\u00e7\u00e3o de processos e recursos em andamento.<\/p>\n<p>Ao estabelecer que o condenado tenha cumprido um quinto da pena, o decreto viola, segundo Raquel Dodge, o princ\u00edpio da separa\u00e7\u00e3o dos poderes, da individualiza\u00e7\u00e3o da pena, da veda\u00e7\u00e3o constitucional para que o Poder Executivo legisle sobre direito penal. \u201cO chefe do Poder Executivo n\u00e3o tem poder ilimitado de conceder induto. Se o tivesse, aniquilaria as condena\u00e7\u00f5es criminais, subordinaria o Poder Judici\u00e1rio, restabeleceria o arb\u00edtrio e extinguiria os mais basilares princ\u00edpios que constituem a Rep\u00fablica Constitucional Brasileira\u201d, pontua um dos trechos do documento.<\/p>\n<p>Ao detalhar a inconstitucionalidade na previs\u00e3o de o indulto incluir a remiss\u00e3o de multas, a a\u00e7\u00e3o direta de inconstitucionalidade enfatiza que tanto o C\u00f3digo Penal quanto a jurisprud\u00eancia do STF entendem que a pena de multa tem natureza fiscal e perdo\u00e1-la seria uma forma de ren\u00fancia de receita pelo poder p\u00fablico. \u201cEm um cen\u00e1rio de declarada crise or\u00e7ament\u00e1ria e de repulsa \u00e0 corrup\u00e7\u00e3o sist\u00eamica, o Decreto 9.246\/17 passa uma mensagem diversa e incongruente com a Constitui\u00e7\u00e3o, que estabelece o dever de zelar pela moralidade administrativa, pelo patrim\u00f4nio p\u00fablico e pelo interesse da coletividade\u201d, enfatiza.<\/p>\n<p><strong>CARIRI EM A\u00c7\u00c3O<\/strong><\/p>\n<p>Com VEJA.com\/Foto: Reprodu\u00e7\u00e3o google<\/p>\n<p><strong>Leia mais not\u00edcias em\u00a0<\/strong><a href=\"http:\/\/www.caririemacao.com\/\"><strong>caririemacao.com<\/strong><\/a><strong>, siga nossa p\u00e1gina no\u00a0<\/strong><a href=\"https:\/\/www.facebook.com\/CaririEmAcao\/?ref=aymt_homepage_panel\"><strong>Facebook<\/strong><\/a>,<strong>\u00a0<\/strong><a href=\"https:\/\/www.instagram.com\/cariri_em_acao\/?hl=pt-br\"><strong>Instagram<\/strong><\/a><strong>\u00a0e <\/strong><a href=\"https:\/\/www.youtube.com\/channel\/UCAptA0jQuYQy8vMhLt2m4qg\"><strong>Youtube<\/strong><\/a><strong>\u00a0e veja nossas mat\u00e9rias, v\u00eddeos e fotos. Voc\u00ea tamb\u00e9m pode enviar informa\u00e7\u00f5es \u00e0 Reda\u00e7\u00e3o do Portal Cariri em A\u00e7\u00e3o pelo WhatsApp (83) 9 9634.5791, (83) 9 9601-1162.<\/strong><\/p>\n","protected":false},"excerpt":{"rendered":"<p>A procuradora-geral da Rep\u00fablica,\u00a0Raquel Dodge, ajuizou nesta quarta-feira (27) uma\u00a0a\u00e7\u00e3o direta de\u00a0inconstitucionalidade\u00a0no Supremo Tribunal Federal (STF) para contestar o\u00a0decreto de indulto de Natal\u00a0e comuta\u00e7\u00e3o de&hellip; <\/p>\n","protected":false},"author":2,"featured_media":22660,"comment_status":"closed","ping_status":"closed","sticky":false,"template":"","format":"standard","meta":{"sfsi_plus_gutenberg_text_before_share":"","sfsi_plus_gutenberg_show_text_before_share":"","sfsi_plus_gutenberg_icon_type":"","sfsi_plus_gutenberg_icon_alignemt":"","sfsi_plus_gutenburg_max_per_row":"","footnotes":""},"categories":[11],"tags":[],"class_list":["post-35869","post","type-post","status-publish","format-standard","has-post-thumbnail","hentry","category-politica"],"_links":{"self":[{"href":"https:\/\/www.caririemacao.com\/1\/wp-json\/wp\/v2\/posts\/35869","targetHints":{"allow":["GET"]}}],"collection":[{"href":"https:\/\/www.caririemacao.com\/1\/wp-json\/wp\/v2\/posts"}],"about":[{"href":"https:\/\/www.caririemacao.com\/1\/wp-json\/wp\/v2\/types\/post"}],"author":[{"embeddable":true,"href":"https:\/\/www.caririemacao.com\/1\/wp-json\/wp\/v2\/users\/2"}],"replies":[{"embeddable":true,"href":"https:\/\/www.caririemacao.com\/1\/wp-json\/wp\/v2\/comments?post=35869"}],"version-history":[{"count":0,"href":"https:\/\/www.caririemacao.com\/1\/wp-json\/wp\/v2\/posts\/35869\/revisions"}],"wp:featuredmedia":[{"embeddable":true,"href":"https:\/\/www.caririemacao.com\/1\/wp-json\/wp\/v2\/media\/22660"}],"wp:attachment":[{"href":"https:\/\/www.caririemacao.com\/1\/wp-json\/wp\/v2\/media?parent=35869"}],"wp:term":[{"taxonomy":"category","embeddable":true,"href":"https:\/\/www.caririemacao.com\/1\/wp-json\/wp\/v2\/categories?post=35869"},{"taxonomy":"post_tag","embeddable":true,"href":"https:\/\/www.caririemacao.com\/1\/wp-json\/wp\/v2\/tags?post=35869"}],"curies":[{"name":"wp","href":"https:\/\/api.w.org\/{rel}","templated":true}]}}