{"id":35871,"date":"2017-12-28T04:43:36","date_gmt":"2017-12-28T07:43:36","guid":{"rendered":"http:\/\/caririemacao.com\/1\/?p=35871"},"modified":"2017-12-28T04:43:36","modified_gmt":"2017-12-28T07:43:36","slug":"indicado-para-ministerio-do-trabalho-votou-contra-impeachment-de-dilma","status":"publish","type":"post","link":"https:\/\/www.caririemacao.com\/1\/2017\/12\/28\/indicado-para-ministerio-do-trabalho-votou-contra-impeachment-de-dilma\/","title":{"rendered":"Indicado para Minist\u00e9rio do Trabalho votou contra impeachment de Dilma"},"content":{"rendered":"<p>O deputado federal Pedro Fernandes (PTB-MA), indicado por seu partido para assumir o posto ap\u00f3s pedido de demiss\u00e3o de Ronaldo Nogueira (PTB-RS), atual ministro do Trabalho, est\u00e1 em seu quinto mandato consecutivo na C\u00e2mara. Engenheiro civil e banc\u00e1rio, ele tem 68 anos e est\u00e1 no PTB desde 2003.<\/p>\n<p>Antes de chegar \u00e0 sua atual sigla, Fernandes passou pelo PSDB (1988-1995), PSD (1995-1999) e PFL (1999-2003). Foi vereador em S\u00e3o Lu\u00eds entre 1993 e 1996 e secret\u00e1rio municipal de Obras e Transportes e depois de Infraestrutura na gest\u00e3o do prefeito Concei\u00e7\u00e3o Andrade (PSB).<\/p>\n<p>Fez carreira sempre pr\u00f3ximo ao ex-presidente Jos\u00e9 Sarney (PMDB). Foi secret\u00e1rio de Estado na gest\u00e3o de Roseana Sarney. Mais recentemente, por\u00e9m, aproximou-se do atual governador Fl\u00e1vio Dino (PCdoB). Em S\u00e3o Lu\u00eds, seu filho \u00e9 vereador e est\u00e1 licenciado para ocupar um cargo no governo.<\/p>\n<p>Na C\u00e2mara, Fernandes votou a favor do arquivamento das duas den\u00fancias contra Michel Temer neste ano, a favor da reforma trabalhista encaminhada pelo Pal\u00e1cio do Planalto e contra a abertura do processo de impeachment da presidente cassada Dilma Rousseff. Apesar de apoiar a reforma trabalhista, ele n\u00e3o quis responder o Placar da Previd\u00eancia, levantamento feito pelo Estado com deputados federais acerca de suas posi\u00e7\u00f5es sobre a reforma da Previd\u00eancia, considerada uma prioridade da equipe econ\u00f4mica do atual governo.<\/p>\n<p>Nas elei\u00e7\u00f5es de 2014, o deputado declarou ter R$ 1 milh\u00e3o em bens, em sua maior parte im\u00f3veis. A presta\u00e7\u00e3o de contas de sua campanha apresentada ao Tribunal Superior Eleitoral aponta doa\u00e7\u00f5es na ordem de R$ 251,9 mil. Foi o nono mais votado do Estado, com 85 mil votos.<\/p>\n<p>O PTB indicou Fernandes para assumir o posto de Nogueira ap\u00f3s reuni\u00e3o entre o presidente Michel Temer, o presidente do PTB, Roberto Jefferson, e o l\u00edder do PTB na C\u00e2mara, Jovair Arantes (GO).<\/p>\n<p>Demiss\u00e3o.\u00a0Fernandes dever\u00e1 assumir o Minist\u00e9rio do Trabalho no dia 4 de janeiro. O atual ministro, Ronaldo Nogueira (PTB-RS), pediu nesta quarta-feira, 27, demiss\u00e3o ao presidente Michel Temer para se candidatar na elei\u00e7\u00e3o de 2018. A sa\u00edda,\u00a0antecipada pela Coluna do Estad\u00e3o, ocorreu seis horas depois de ele participar do an\u00fancio dos dados do Cadastro Geral de Empregados e Desempregados (Caged). Nogueira \u00e9 deputado federal.<\/p>\n<p>O levantamento do governo registrou em novembro o fechamento de 12.292 vagas de emprego formal, ap\u00f3s uma sequ\u00eancia de sete meses de cria\u00e7\u00e3o de postos. De maio de 2016 &#8211; quando Nogueira assumiu o cargo &#8211; at\u00e9 o m\u00eas passado, o Brasil fechou 668 mil vagas formais (com registro em carteira de trabalho). Ao\u00a0Estado, Jovair Arantes negou que o resultado do Caged tenha influenciado na demiss\u00e3o do ministro.<\/p>\n<p>No Pal\u00e1cio do Planalto, a data do pedido de demiss\u00e3o causou surpresa. A expectativa era de que Nogueira deixasse a Esplanada no in\u00edcio de abril, prazo de desincompatibiliza\u00e7\u00e3o do cargo de ministro para quem vai disputar a elei\u00e7\u00e3o. A avalia\u00e7\u00e3o no governo era de que o demission\u00e1rio tinha uma boa rela\u00e7\u00e3o com o Planalto, era conciliador e manteve boa interlocu\u00e7\u00e3o com sindicatos durante a reforma trabalhista, aprovada em julho deste ano.<\/p>\n<p>A Secretaria de Comunica\u00e7\u00e3o da Presid\u00eancia, em nota, informou que Nogueira pediu exonera\u00e7\u00e3o \u201cpor motivos pessoais\u201d. \u201cO presidente Michel Temer aceitou e agradeceu pelos bons servi\u00e7os prestados\u201d, afirmou o \u00f3rg\u00e3o do Planalto.<\/p>\n<p>O ministroenviou uma carta a Temer, na qual afirmou que a reforma trabalhista \u201cquebrou\u201d 75 anos de \u201cimobilismo\u201d. Segundo ele, as medidas levaram a uma \u201campla retomada da empregabilidade\u201d.<\/p>\n<p>O l\u00edder do PTB afirmou que a sa\u00edda de Nogueira era algo j\u00e1 acordado com a bancada e a previs\u00e3o inicial era de que ocorresse em outubro. A bancada, por\u00e9m, pediu que ele ficasse at\u00e9 este m\u00eas para que um nome de consenso fosse constru\u00eddo. \u201cEst\u00e1 tudo dentro da regra, do jogo e sem nenhuma crise. Est\u00e1 tudo dentro da absoluta normalidade\u201d, disse o parlamentar.<\/p>\n<p>Jefferson disse que Nogueira quer se dedicar \u00e0 reelei\u00e7\u00e3o para deputado federal e, por isso, optou por deixar o governo. \u201cEle precisa construir a campanha dele e n\u00e3o est\u00e1 tendo condi\u00e7\u00f5es de fazer isso\u201d, disse o presidente do PTB.<\/p>\n<p>A sa\u00edda de Nogueira ser\u00e1 oficializada na edi\u00e7\u00e3o do\u00a0<em>Di\u00e1rio Oficial da Uni\u00e3o<\/em>desta sexta. A posse do novo ministro, embora n\u00e3o confirmada oficialmente pelo Planalto, est\u00e1 prevista para o dia 4 de janeiro.<\/p>\n<p>Desgaste.\u00a0Neste m\u00eas, o ministro demission\u00e1rio havia sofrido um desgaste. Ele teve de suspender a edi\u00e7\u00e3o da portaria sobre as regras de combate e fiscaliza\u00e7\u00e3o do trabalho escravo depois de a ministra do Supremo Tribunal Federal (STF) Rosa Weber barrar em decis\u00e3o liminar (provis\u00f3ria) o texto do minist\u00e9rio. A portaria foi alvo de cr\u00edticas de entidades sindicais e de defesa dos direitos humanos sob a alega\u00e7\u00e3o de afrouxar o combate ao trabalho escravo.<\/p>\n<p><strong>CARIRI EM A\u00c7\u00c3O<\/strong><\/p>\n<p>Com Estad\u00e3o\/Foto: Antonio Augusto\/C\u00e2mara dos Deputados<\/p>\n<p><strong>Leia mais not\u00edcias em\u00a0<\/strong><a href=\"http:\/\/www.caririemacao.com\/\"><strong>caririemacao.com<\/strong><\/a><strong>, siga nossa p\u00e1gina no\u00a0<\/strong><a href=\"https:\/\/www.facebook.com\/CaririEmAcao\/?ref=aymt_homepage_panel\"><strong>Facebook<\/strong><\/a>,<strong>\u00a0<\/strong><a href=\"https:\/\/www.instagram.com\/cariri_em_acao\/?hl=pt-br\"><strong>Instagram<\/strong><\/a><strong>\u00a0e <\/strong><a href=\"https:\/\/www.youtube.com\/channel\/UCAptA0jQuYQy8vMhLt2m4qg\"><strong>Youtube<\/strong><\/a><strong>\u00a0e veja nossas mat\u00e9rias, v\u00eddeos e fotos. Voc\u00ea tamb\u00e9m pode enviar informa\u00e7\u00f5es \u00e0 Reda\u00e7\u00e3o do Portal Cariri em A\u00e7\u00e3o pelo WhatsApp (83) 9 9634.5791, (83) 9 9601-1162.<\/strong><\/p>\n","protected":false},"excerpt":{"rendered":"<p>O deputado federal Pedro Fernandes (PTB-MA), indicado por seu partido para assumir o posto ap\u00f3s pedido de demiss\u00e3o de Ronaldo Nogueira (PTB-RS), atual ministro do&hellip; <\/p>\n","protected":false},"author":2,"featured_media":35872,"comment_status":"closed","ping_status":"closed","sticky":false,"template":"","format":"standard","meta":{"sfsi_plus_gutenberg_text_before_share":"","sfsi_plus_gutenberg_show_text_before_share":"","sfsi_plus_gutenberg_icon_type":"","sfsi_plus_gutenberg_icon_alignemt":"","sfsi_plus_gutenburg_max_per_row":"","footnotes":""},"categories":[11],"tags":[],"class_list":["post-35871","post","type-post","status-publish","format-standard","has-post-thumbnail","hentry","category-politica"],"_links":{"self":[{"href":"https:\/\/www.caririemacao.com\/1\/wp-json\/wp\/v2\/posts\/35871","targetHints":{"allow":["GET"]}}],"collection":[{"href":"https:\/\/www.caririemacao.com\/1\/wp-json\/wp\/v2\/posts"}],"about":[{"href":"https:\/\/www.caririemacao.com\/1\/wp-json\/wp\/v2\/types\/post"}],"author":[{"embeddable":true,"href":"https:\/\/www.caririemacao.com\/1\/wp-json\/wp\/v2\/users\/2"}],"replies":[{"embeddable":true,"href":"https:\/\/www.caririemacao.com\/1\/wp-json\/wp\/v2\/comments?post=35871"}],"version-history":[{"count":0,"href":"https:\/\/www.caririemacao.com\/1\/wp-json\/wp\/v2\/posts\/35871\/revisions"}],"wp:featuredmedia":[{"embeddable":true,"href":"https:\/\/www.caririemacao.com\/1\/wp-json\/wp\/v2\/media\/35872"}],"wp:attachment":[{"href":"https:\/\/www.caririemacao.com\/1\/wp-json\/wp\/v2\/media?parent=35871"}],"wp:term":[{"taxonomy":"category","embeddable":true,"href":"https:\/\/www.caririemacao.com\/1\/wp-json\/wp\/v2\/categories?post=35871"},{"taxonomy":"post_tag","embeddable":true,"href":"https:\/\/www.caririemacao.com\/1\/wp-json\/wp\/v2\/tags?post=35871"}],"curies":[{"name":"wp","href":"https:\/\/api.w.org\/{rel}","templated":true}]}}