{"id":35874,"date":"2017-12-28T04:49:02","date_gmt":"2017-12-28T07:49:02","guid":{"rendered":"http:\/\/caririemacao.com\/1\/?p=35874"},"modified":"2017-12-28T04:49:27","modified_gmt":"2017-12-28T07:49:27","slug":"policiais-e-bombeiros-mantem-greve-no-rn","status":"publish","type":"post","link":"https:\/\/www.caririemacao.com\/1\/2017\/12\/28\/policiais-e-bombeiros-mantem-greve-no-rn\/","title":{"rendered":"Policiais e bombeiros mant\u00eam greve no RN"},"content":{"rendered":"<p>Policiais e bombeiros militares do Rio Grande do Norte decidiram nesta quarta-feira, 27, manter a paralisa\u00e7\u00e3o das atividades ostensivas e n\u00e3o sair \u00e0s ruas com viaturas, apesar da decis\u00e3o judicial que considerou a greve das tropas ilegal. A decis\u00e3o foi anunciada na assembleia da Associa\u00e7\u00e3o dos Subtenentes e Sargentos Policiais e Bombeiros Militares.<\/p>\n<p>\u201cN\u00e3o cabe \u00e0 Associa\u00e7\u00e3o obrigar seus associados ao retorno normal das atividades de policiamento ostensivo, principalmente contrariando dispositivos legais e de seguran\u00e7a\u201d, informou, em nota. Anteontem, a Associa\u00e7\u00e3o foi notificada pelo Tribunal de Justi\u00e7a sobre a decis\u00e3o da desembargadora Judite Nunes, que acatou pedido do governo estadual e determinou o retorno imediato dos policiais.<\/p>\n<p>\u201cOs policiais militares n\u00e3o aceitam as condi\u00e7\u00f5es que est\u00e3o sendo impostas e a Associa\u00e7\u00e3o n\u00e3o tem poder de decis\u00e3o sobre a tropa\u201d, disse Eliabe Marques, presidente da Associa\u00e7\u00e3o. Segundo ele, os policiais est\u00e3o cumprindo a lei, pois as viaturas paradas est\u00e3o com o seguro irregular, n\u00e3o tendo, portanto, condi\u00e7\u00f5es de sair \u00e0s ruas. O Comando do Policiamento Militar informou que espera o cumprimento da ordem judicial.<\/p>\n<p><strong>Feridos.<\/strong>\u00a0Na madrugada de ontem, dois agentes da For\u00e7a Nacional, que est\u00e1 em Natal para cobrir a falta de policiamento ostensivo nas ruas, reagiram a um assalto e trocaram tiros com criminosos, no bairro Lagoa Seca. Uma policial, que \u00e9 cabo da PM em Mato Grosso do Sul, foi baleada de rasp\u00e3o na cabe\u00e7a. O outro policial n\u00e3o se feriu. Eles estavam a p\u00e9, sem fardas.<\/p>\n<p>PMs e bombeiros est\u00e3o fora das ruas h\u00e1 uma semana, em protesto contra o atraso dos sal\u00e1rios e a falta de condi\u00e7\u00f5es de trabalho. A Pol\u00edcia Civil participa, mas em regime de plant\u00e3o. A Secretaria da Seguran\u00e7a P\u00fablica informou que o patrulhamento ostensivo nas ruas de Natal est\u00e1 sendo realizado pelo efetivo extra da For\u00e7a Nacional.<\/p>\n<p><strong>CARIRI EM A\u00c7\u00c3O<\/strong><\/p>\n<p>Com Estad\u00e3o\/Foto: Reprodu\u00e7\u00e3o google<\/p>\n<p><strong>Leia mais not\u00edcias em\u00a0<\/strong><a href=\"http:\/\/www.caririemacao.com\/\"><strong>caririemacao.com<\/strong><\/a><strong>, siga nossa p\u00e1gina no\u00a0<\/strong><a href=\"https:\/\/www.facebook.com\/CaririEmAcao\/?ref=aymt_homepage_panel\"><strong>Facebook<\/strong><\/a>,<strong>\u00a0<\/strong><a href=\"https:\/\/www.instagram.com\/cariri_em_acao\/?hl=pt-br\"><strong>Instagram<\/strong><\/a><strong>\u00a0e <\/strong><a href=\"https:\/\/www.youtube.com\/channel\/UCAptA0jQuYQy8vMhLt2m4qg\"><strong>Youtube<\/strong><\/a><strong>\u00a0e veja nossas mat\u00e9rias, v\u00eddeos e fotos. Voc\u00ea tamb\u00e9m pode enviar informa\u00e7\u00f5es \u00e0 Reda\u00e7\u00e3o do Portal Cariri em A\u00e7\u00e3o pelo WhatsApp (83) 9 9634.5791, (83) 9 9601-1162.<\/strong><\/p>\n","protected":false},"excerpt":{"rendered":"<p>Policiais e bombeiros militares do Rio Grande do Norte decidiram nesta quarta-feira, 27, manter a paralisa\u00e7\u00e3o das atividades ostensivas e n\u00e3o sair \u00e0s ruas com&hellip; <\/p>\n","protected":false},"author":2,"featured_media":35875,"comment_status":"closed","ping_status":"closed","sticky":false,"template":"","format":"standard","meta":{"sfsi_plus_gutenberg_text_before_share":"","sfsi_plus_gutenberg_show_text_before_share":"","sfsi_plus_gutenberg_icon_type":"","sfsi_plus_gutenberg_icon_alignemt":"","sfsi_plus_gutenburg_max_per_row":"","footnotes":""},"categories":[2],"tags":[],"class_list":["post-35874","post","type-post","status-publish","format-standard","has-post-thumbnail","hentry","category-geral"],"_links":{"self":[{"href":"https:\/\/www.caririemacao.com\/1\/wp-json\/wp\/v2\/posts\/35874","targetHints":{"allow":["GET"]}}],"collection":[{"href":"https:\/\/www.caririemacao.com\/1\/wp-json\/wp\/v2\/posts"}],"about":[{"href":"https:\/\/www.caririemacao.com\/1\/wp-json\/wp\/v2\/types\/post"}],"author":[{"embeddable":true,"href":"https:\/\/www.caririemacao.com\/1\/wp-json\/wp\/v2\/users\/2"}],"replies":[{"embeddable":true,"href":"https:\/\/www.caririemacao.com\/1\/wp-json\/wp\/v2\/comments?post=35874"}],"version-history":[{"count":0,"href":"https:\/\/www.caririemacao.com\/1\/wp-json\/wp\/v2\/posts\/35874\/revisions"}],"wp:featuredmedia":[{"embeddable":true,"href":"https:\/\/www.caririemacao.com\/1\/wp-json\/wp\/v2\/media\/35875"}],"wp:attachment":[{"href":"https:\/\/www.caririemacao.com\/1\/wp-json\/wp\/v2\/media?parent=35874"}],"wp:term":[{"taxonomy":"category","embeddable":true,"href":"https:\/\/www.caririemacao.com\/1\/wp-json\/wp\/v2\/categories?post=35874"},{"taxonomy":"post_tag","embeddable":true,"href":"https:\/\/www.caririemacao.com\/1\/wp-json\/wp\/v2\/tags?post=35874"}],"curies":[{"name":"wp","href":"https:\/\/api.w.org\/{rel}","templated":true}]}}