{"id":35880,"date":"2017-12-28T04:57:10","date_gmt":"2017-12-28T07:57:10","guid":{"rendered":"http:\/\/caririemacao.com\/1\/?p=35880"},"modified":"2017-12-28T05:18:22","modified_gmt":"2017-12-28T08:18:22","slug":"mp-reduz-idade-para-saque-do-pispasep-para-60-anos","status":"publish","type":"post","link":"https:\/\/www.caririemacao.com\/1\/2017\/12\/28\/mp-reduz-idade-para-saque-do-pispasep-para-60-anos\/","title":{"rendered":"MP reduz idade para saque do PIS\/Pasep para 60 anos"},"content":{"rendered":"<p>O presidente\u00a0Michel Temer\u00a0editou nesta quarta-feira, 27, a Medida Provis\u00f3ria 813, que reduz a idade m\u00ednima para saque do\u00a0PIS\/Pasep\u00a0para 60 anos. Temer havia anunciado a medida na semana passada.<\/p>\n<p>Segundo o Minist\u00e9rio do Planejamento, a expectativa \u00e9 de que a medida injete 23,6 bilh\u00f5es de reais na economia e beneficie 12,5 milh\u00f5es de pessoas.<\/p>\n<p>A redu\u00e7\u00e3o da idade m\u00ednima para acesso ao\u00a0PIS\/Pasep j\u00e1 havia sido prevista em uma primeira MP, editada em agosto, e que perdeu a validade no dia 21 deste m\u00eas. A proposta estabelecia que homens a partir dos 65 anos e mulheres a partir dos 62 poderiam ter acesso ao saldo.<\/p>\n<p>Com a nova MP editada nesta quarta, os benefici\u00e1rios poder\u00e3o retirar os recursos com 60 anos, independentemente do sexo, al\u00e9m dos casos previamente previstos, como aposentadoria e invalidez. A medida entra em vigor em 10 dias.<\/p>\n<p>Os saldos poder\u00e3o ser sacados de acordo com cronograma que ser\u00e1 estabelecido pela Caixa Econ\u00f4mica Federal, no caso do\u00a0PIS, e pelo Banco do Brasil, para o Pasep. Na hip\u00f3tese de morte do titular da conta, o saldo ser\u00e1 disponibilizado a seus dependentes.<\/p>\n<p>Antes da primeira medida, s\u00f3 era poss\u00edvel sacar o dinheiro a partir dos 70 anos ou em caso de aposentadoria. Como a MP n\u00e3o foi votada, o conte\u00fado dela n\u00e3o virou lei, embora tenha validade no per\u00edodo de vig\u00eancia do texto. Da\u00ed a necessidade de uma nova MP.<\/p>\n<p>Segundo dados do Planejamento, at\u00e9 o final da vig\u00eancia da primeira MP, foram pagos apenas 2,2 bilh\u00f5es de reais a cerca de 1,6 milh\u00e3o de cotistas. Descontando o p\u00fablico que j\u00e1 sacou recursos em 2017, a Pasta estima que ficar\u00e3o dispon\u00edveis 21,4 bilh\u00f5es de reais a 10,9 milh\u00f5es de pessoas a partir de janeiro de 2018.<\/p>\n<p>Gerido pelo Banco do Brasil, o Pasep \u00e9 um fundo ao qual t\u00eam direito pessoas que trabalham como contratadas no servi\u00e7o p\u00fablico. Ele foi criado em 1970 para estender aos funcion\u00e1rios p\u00fablicos os benef\u00edcios concedidos aos trabalhadores da iniciativa privada pelo\u00a0PIS. Em 1975, os dois foram contabilmente unificados e deram origem ao\u00a0PIS\/Pasep, do qual t\u00eam direito servidores p\u00fablicos e funcion\u00e1rios da iniciativa privada que atuaram antes de 4 de outubro de 1988.<\/p>\n<p>A segunda rodada de saque do\u00a0PIS\/Pasep faz parte das medidas do governo para ajudar na retomada da economia em 2018, como ocorreu com o saque das contas inativas do FGTS neste ano.<\/p>\n<p><strong>CARIRI EM A\u00c7\u00c3O<\/strong><\/p>\n<p><em>Com Veja\/Foto: Reprodu\u00e7\u00e3o google<\/em><\/p>\n<p><strong>Leia mais not\u00edcias em\u00a0<\/strong><a href=\"http:\/\/www.caririemacao.com\/\"><strong>caririemacao.com<\/strong><\/a><strong>, siga nossa p\u00e1gina no\u00a0<\/strong><a href=\"https:\/\/www.facebook.com\/CaririEmAcao\/?ref=aymt_homepage_panel\"><strong>Facebook<\/strong><\/a>,<strong>\u00a0<\/strong><a href=\"https:\/\/www.instagram.com\/cariri_em_acao\/?hl=pt-br\"><strong>Instagram<\/strong><\/a><strong>\u00a0e <\/strong><a href=\"https:\/\/www.youtube.com\/channel\/UCAptA0jQuYQy8vMhLt2m4qg\"><strong>Youtube<\/strong><\/a><strong>\u00a0e veja nossas mat\u00e9rias, v\u00eddeos e fotos. Voc\u00ea tamb\u00e9m pode enviar informa\u00e7\u00f5es \u00e0 Reda\u00e7\u00e3o do Portal Cariri em A\u00e7\u00e3o pelo WhatsApp (83) 9 9634.5791, (83) 9 9601-1162.<\/strong><\/p>\n","protected":false},"excerpt":{"rendered":"<p>O presidente\u00a0Michel Temer\u00a0editou nesta quarta-feira, 27, a Medida Provis\u00f3ria 813, que reduz a idade m\u00ednima para saque do\u00a0PIS\/Pasep\u00a0para 60 anos. Temer havia anunciado a medida&hellip; <\/p>\n","protected":false},"author":2,"featured_media":20518,"comment_status":"closed","ping_status":"closed","sticky":false,"template":"","format":"standard","meta":{"sfsi_plus_gutenberg_text_before_share":"","sfsi_plus_gutenberg_show_text_before_share":"","sfsi_plus_gutenberg_icon_type":"","sfsi_plus_gutenberg_icon_alignemt":"","sfsi_plus_gutenburg_max_per_row":"","footnotes":""},"categories":[2],"tags":[],"class_list":["post-35880","post","type-post","status-publish","format-standard","has-post-thumbnail","hentry","category-geral"],"_links":{"self":[{"href":"https:\/\/www.caririemacao.com\/1\/wp-json\/wp\/v2\/posts\/35880","targetHints":{"allow":["GET"]}}],"collection":[{"href":"https:\/\/www.caririemacao.com\/1\/wp-json\/wp\/v2\/posts"}],"about":[{"href":"https:\/\/www.caririemacao.com\/1\/wp-json\/wp\/v2\/types\/post"}],"author":[{"embeddable":true,"href":"https:\/\/www.caririemacao.com\/1\/wp-json\/wp\/v2\/users\/2"}],"replies":[{"embeddable":true,"href":"https:\/\/www.caririemacao.com\/1\/wp-json\/wp\/v2\/comments?post=35880"}],"version-history":[{"count":0,"href":"https:\/\/www.caririemacao.com\/1\/wp-json\/wp\/v2\/posts\/35880\/revisions"}],"wp:featuredmedia":[{"embeddable":true,"href":"https:\/\/www.caririemacao.com\/1\/wp-json\/wp\/v2\/media\/20518"}],"wp:attachment":[{"href":"https:\/\/www.caririemacao.com\/1\/wp-json\/wp\/v2\/media?parent=35880"}],"wp:term":[{"taxonomy":"category","embeddable":true,"href":"https:\/\/www.caririemacao.com\/1\/wp-json\/wp\/v2\/categories?post=35880"},{"taxonomy":"post_tag","embeddable":true,"href":"https:\/\/www.caririemacao.com\/1\/wp-json\/wp\/v2\/tags?post=35880"}],"curies":[{"name":"wp","href":"https:\/\/api.w.org\/{rel}","templated":true}]}}