{"id":35882,"date":"2017-12-28T05:07:46","date_gmt":"2017-12-28T08:07:46","guid":{"rendered":"http:\/\/caririemacao.com\/1\/?p=35882"},"modified":"2017-12-28T05:08:37","modified_gmt":"2017-12-28T08:08:37","slug":"em-carta-governadores-prometem-processar-marun-se-pressao-por-previdencia-continuar","status":"publish","type":"post","link":"https:\/\/www.caririemacao.com\/1\/2017\/12\/28\/em-carta-governadores-prometem-processar-marun-se-pressao-por-previdencia-continuar\/","title":{"rendered":"Em carta, governadores prometem processar Marun se press\u00e3o por Previd\u00eancia continuar"},"content":{"rendered":"<p>Governadores do Nordeste enviaram nesta quarta-feira, 27, carta p\u00fablica ao presidente Michel Temer protestando contra a\u00a0declara\u00e7\u00e3o do ministro-chefe da Secretaria de Governo, Carlos Marun, que admitiu na ter\u00e7a-feira, 26, que o governo pressiona gestores estaduais e municipais a trabalharem a favor da aprova\u00e7\u00e3o da reforma da Previd\u00eancia em troca da libera\u00e7\u00e3o de recursos em financiamentos de bancos p\u00fablicos, como a Caixa. No documento, os governadores prometem acionar pol\u00edtica e judicialmente os agentes p\u00fablicos envolvidos, caso a &#8220;amea\u00e7a&#8221; de Marun se confirme.<\/p>\n<p>&#8220;Os governadores do Nordeste v\u00eam manifestar profunda estranheza com declara\u00e7\u00f5es atribu\u00eddas ao Sr. Carlos Marun, ministro de articula\u00e7\u00e3o pol\u00edtica. Segundo ele, a pr\u00e1tica de atos jur\u00eddicos por parte da Uni\u00e3o seria condicionada a posi\u00e7\u00f5es pol\u00edticas dos governadores. Protestamos publicamente contra essa declara\u00e7\u00e3o e contra essa possibilidade e n\u00e3o hesitaremos em promover a responsabilidade pol\u00edtica e jur\u00eddica dos agentes p\u00fablicos envolvidos, caso a amea\u00e7a se confirme&#8221;, diz vers\u00e3o da carta a qual o\u00a0Broadcast Pol\u00edtico\u00a0teve acesso.<\/p>\n<p>No documento, assinado pelos governadores dos nove Estados do Nordeste, os gestores pedem que Temer &#8220;reoriente&#8221; seus ministros para evitar pr\u00e1ticas classificadas pelos signat\u00e1rios como &#8220;criminosas&#8221;. &#8220;Vivemos em uma Federa\u00e7\u00e3o, cl\u00e1usula p\u00e9trea da Constitui\u00e7\u00e3o, n\u00e3o se admitindo atos arbitr\u00e1rios para extrair alinhamentos pol\u00edticos, algo poss\u00edvel somente na vig\u00eancia de ditaduras cru\u00e9is. Esperamos que o presidente Michel Temer reoriente os seus auxiliares, a fim de coibir pr\u00e1ticas inconstitucionais e criminosas&#8221;, diz a carta.<\/p>\n<p>Em entrevista coletiva nessa ter\u00e7a-feira, Marun admitiu que o Pal\u00e1cio do Planalto pressiona os governadores a trabalharem a favor da aprova\u00e7\u00e3o da Reforma da Previd\u00eancia em troca da libera\u00e7\u00e3o de recursos em financiamentos de bancos p\u00fablicos, como a Caixa. \u201cRealmente o governo espera daqueles governadores que t\u00eam recursos a serem liberados, financiamentos a serem liberados, como de resto de todos os agentes p\u00fablicos, reciprocidade no que tange \u00e0 quest\u00e3o da (reforma da) Previd\u00eancia\u201d, disse o ministro.<\/p>\n<p>Marun negou, contudo, que a negocia\u00e7\u00e3o se configura como \u201cchantagem\u201d. \u201cFinanciamentos da Caixa s\u00e3o a\u00e7\u00f5es de governo. Sen\u00e3o, o governador poderia tomar esse financiamento no Bradesco, n\u00e3o sei onde. Obviamente, se s\u00e3o na Caixa Econ\u00f4mica, no Banco do Brasil, no BNDES, s\u00e3o a\u00e7\u00f5es de governo, e nesse sentido entendemos que deve, sim, ser discutida com esses governantes alguma reciprocidade no sentido de que seja aprovada a reforma da Previd\u00eancia, que \u00e9 uma quest\u00e3o que entendemos hoje de vida ou morte para o Brasil\u201d, justificou.<\/p>\n<p>Como revelou a\u00a0Coluna do Estad\u00e3o\u00a0na semana passada, o novo ministro da articula\u00e7\u00e3o do governo Temer levantou todos os pedidos de empr\u00e9stimos na Caixa por Estados, capitais e outras grandes cidades e condicionou a assinatura dos contratos \u00e0 entrega de votos pelos governadores e prefeitos que exercem influ\u00eancia sobre os deputados. O primeiro a ser pressionado foi o governador de Sergipe, Jackson Barreto (PMDB). Procurada, a Caixa n\u00e3o se manifestou sobre o assunto.<\/p>\n<p>Veja a \u00edntegra da carta:<\/p>\n<p>&#8220;Os governadores do Nordeste v\u00eam manifestar profunda estranheza com declara\u00e7\u00f5es atribu\u00eddas ao Sr. Carlos Marun, ministro de articula\u00e7\u00e3o pol\u00edtica. Segundo ele, a pr\u00e1tica de atos jur\u00eddicos por parte da Uni\u00e3o seria condicionada a posi\u00e7\u00f5es pol\u00edticas dos governadores. Protestamos publicamente contra essa declara\u00e7\u00e3o e contra essa possibilidade e n\u00e3o hesitaremos em promover a responsabilidade pol\u00edtica e jur\u00eddica dos agentes p\u00fablicos envolvidos, caso a amea\u00e7a se confirme. Vivemos em uma Federa\u00e7\u00e3o, cl\u00e1usula p\u00e9trea da Constitui\u00e7\u00e3o, n\u00e3o se admitindo atos arbitr\u00e1rios para extrair alinhamentos pol\u00edticos, algo poss\u00edvel somente na vig\u00eancia de ditaduras cru\u00e9is. Esperamos que o presidente Michel Temer reoriente os seus auxiliares, a fim de coibir pr\u00e1ticas inconstitucionais e criminosas.&#8221;<\/p>\n<p>CARIRI EM A\u00c7\u00c3O<\/p>\n<p><em>Com MSN\/Foto: Reprodu\u00e7\u00e3o google<\/em><\/p>\n<p>Leia mais not\u00edcias em\u00a0<a href=\"http:\/\/www.caririemacao.com\/\">caririemacao.com<\/a>, siga nossa p\u00e1gina no\u00a0<a href=\"https:\/\/www.facebook.com\/CaririEmAcao\/?ref=aymt_homepage_panel\">Facebook<\/a>,\u00a0<a href=\"https:\/\/www.instagram.com\/cariri_em_acao\/?hl=pt-br\">Instagram<\/a>\u00a0e <a href=\"https:\/\/www.youtube.com\/channel\/UCAptA0jQuYQy8vMhLt2m4qg\">Youtube<\/a>\u00a0e veja nossas mat\u00e9rias, v\u00eddeos e fotos. Voc\u00ea tamb\u00e9m pode enviar informa\u00e7\u00f5es \u00e0 Reda\u00e7\u00e3o do Portal Cariri em A\u00e7\u00e3o pelo WhatsApp (83) 9 9634.5791, (83) 9 9601-1162.<\/p>\n","protected":false},"excerpt":{"rendered":"<p>Governadores do Nordeste enviaram nesta quarta-feira, 27, carta p\u00fablica ao presidente Michel Temer protestando contra a\u00a0declara\u00e7\u00e3o do ministro-chefe da Secretaria de Governo, Carlos Marun, que&hellip; <\/p>\n","protected":false},"author":2,"featured_media":35883,"comment_status":"closed","ping_status":"closed","sticky":false,"template":"","format":"standard","meta":{"sfsi_plus_gutenberg_text_before_share":"","sfsi_plus_gutenberg_show_text_before_share":"","sfsi_plus_gutenberg_icon_type":"","sfsi_plus_gutenberg_icon_alignemt":"","sfsi_plus_gutenburg_max_per_row":"","footnotes":""},"categories":[11],"tags":[],"class_list":["post-35882","post","type-post","status-publish","format-standard","has-post-thumbnail","hentry","category-politica"],"_links":{"self":[{"href":"https:\/\/www.caririemacao.com\/1\/wp-json\/wp\/v2\/posts\/35882","targetHints":{"allow":["GET"]}}],"collection":[{"href":"https:\/\/www.caririemacao.com\/1\/wp-json\/wp\/v2\/posts"}],"about":[{"href":"https:\/\/www.caririemacao.com\/1\/wp-json\/wp\/v2\/types\/post"}],"author":[{"embeddable":true,"href":"https:\/\/www.caririemacao.com\/1\/wp-json\/wp\/v2\/users\/2"}],"replies":[{"embeddable":true,"href":"https:\/\/www.caririemacao.com\/1\/wp-json\/wp\/v2\/comments?post=35882"}],"version-history":[{"count":0,"href":"https:\/\/www.caririemacao.com\/1\/wp-json\/wp\/v2\/posts\/35882\/revisions"}],"wp:featuredmedia":[{"embeddable":true,"href":"https:\/\/www.caririemacao.com\/1\/wp-json\/wp\/v2\/media\/35883"}],"wp:attachment":[{"href":"https:\/\/www.caririemacao.com\/1\/wp-json\/wp\/v2\/media?parent=35882"}],"wp:term":[{"taxonomy":"category","embeddable":true,"href":"https:\/\/www.caririemacao.com\/1\/wp-json\/wp\/v2\/categories?post=35882"},{"taxonomy":"post_tag","embeddable":true,"href":"https:\/\/www.caririemacao.com\/1\/wp-json\/wp\/v2\/tags?post=35882"}],"curies":[{"name":"wp","href":"https:\/\/api.w.org\/{rel}","templated":true}]}}