{"id":35886,"date":"2017-12-28T05:10:53","date_gmt":"2017-12-28T08:10:53","guid":{"rendered":"http:\/\/caririemacao.com\/1\/?p=35886"},"modified":"2017-12-28T05:10:53","modified_gmt":"2017-12-28T08:10:53","slug":"carga-tributaria-de-2016-cresceu-e-chegou-a-3238-do-pib","status":"publish","type":"post","link":"https:\/\/www.caririemacao.com\/1\/2017\/12\/28\/carga-tributaria-de-2016-cresceu-e-chegou-a-3238-do-pib\/","title":{"rendered":"Carga tribut\u00e1ria de 2016 cresceu e chegou a 32,38% do PIB"},"content":{"rendered":"<div>Faltando apenas 4 dias para o fim de 2017, a Receita Federal divulgou nesta quarta-feira, 27, que a carga tribut\u00e1ria brasileira cresceu pelo segundo ano consecutivo em 2016, quando atingiu 32,38% do Produto Interno Bruto (PIB). Em rela\u00e7\u00e3o a 2015, o aumento foi de 0,27 ponto porcentual.<\/div>\n<div class=\"mvp-post-soc-in\">\n<div id=\"mvp-content-body\" class=\"left relative\">\n<div id=\"mvp-content-body-top\" class=\"left\">\n<div id=\"mvp-content-main\" class=\"left relative\">\n<div id=\"tps_slideContainer_16576\" class=\"theiaPostSlider_slides\">\n<div class=\"theiaPostSlider_preloadedSlide\">\n<p>De acordo com o Fisco, esse crescimento foi causado principalmente pelo Regime Especial de Regulariza\u00e7\u00e3o Cambial e Tribut\u00e1ria (RERCT), mas conhecido como a Repatria\u00e7\u00e3o de Recursos no Exterior. Sem o programa, a carga tribut\u00e1ria teria ca\u00eddo no ano passado, de 32,11% para 32,01% do PIB, segundo\u00a0informa\u00e7\u00e3o do Estad\u00e3o, veiculada pela Veja.<\/p>\n<p>A Uni\u00e3o foi a maior respons\u00e1vel pelo aumento de 0,27 ponto porcentual (p.p.) na carga, com uma contribui\u00e7\u00e3o de 0,15 p.p., seguida pelos Estados (0,07 p.p.) e os munic\u00edpios (0,05 p.p.).<\/p>\n<p>Por outro lado, a Uni\u00e3o voltou a perder peso na distribui\u00e7\u00e3o total dos valores arrecadados, passando de 68,36% em 2015 para 68,27% em 2016. Na mesma compara\u00e7\u00e3o, a fatia para os Estados passou de 25,41% para 25,40%, enquanto a parcela destinada aos munic\u00edpios subiu de 6,23% para 6,34%.<\/p>\n<p>Na compara\u00e7\u00e3o com 2015, o maior incremento na carga tribut\u00e1ria do ano passado ocorreu no Imposto de Renda (IR) e na Contribui\u00e7\u00e3o Social sobre o Lucro L\u00edquido (CSLL). J\u00e1 os demais impostos \u2013 incidentes sobre bens e servi\u00e7os: PIS\/Cofins, IPI, II ISS e ICMS \u2013 acompanharam o desempenho da economia em apresentaram queda em propor\u00e7\u00e3o do PIB.<\/p>\n<p>A Receita lembra que o PIB no ano passado apresentou uma retra\u00e7\u00e3o de 3,5%, sendo um recuo de 3,0% no valor adicionado a pre\u00e7os b\u00e1sicos e uma queda de 6,3% nos impostos sobre produtos l\u00edquidos de subs\u00eddios.<\/p>\n<p><strong>CARIRI EM A\u00c7\u00c3O<\/strong><\/p>\n<p>Com Veja\/Foto: Reprodu\u00e7\u00e3o google<\/p>\n<p><strong>Leia mais not\u00edcias em\u00a0<\/strong><a href=\"http:\/\/www.caririemacao.com\/\"><strong>caririemacao.com<\/strong><\/a><strong>, siga nossa p\u00e1gina no\u00a0<\/strong><a href=\"https:\/\/www.facebook.com\/CaririEmAcao\/?ref=aymt_homepage_panel\"><strong>Facebook<\/strong><\/a>,<strong>\u00a0<\/strong><a href=\"https:\/\/www.instagram.com\/cariri_em_acao\/?hl=pt-br\"><strong>Instagram<\/strong><\/a><strong>\u00a0e <\/strong><a href=\"https:\/\/www.youtube.com\/channel\/UCAptA0jQuYQy8vMhLt2m4qg\"><strong>Youtube<\/strong><\/a><strong>\u00a0e veja nossas mat\u00e9rias, v\u00eddeos e fotos. Voc\u00ea tamb\u00e9m pode enviar informa\u00e7\u00f5es \u00e0 Reda\u00e7\u00e3o do Portal Cariri em A\u00e7\u00e3o pelo WhatsApp (83) 9 9634.5791, (83) 9 9601-1162.<\/strong><\/p>\n<\/div>\n<\/div>\n<\/div>\n<\/div>\n<\/div>\n<\/div>\n","protected":false},"excerpt":{"rendered":"<p>Faltando apenas 4 dias para o fim de 2017, a Receita Federal divulgou nesta quarta-feira, 27, que a carga tribut\u00e1ria brasileira cresceu pelo segundo ano&hellip; <\/p>\n","protected":false},"author":2,"featured_media":35887,"comment_status":"closed","ping_status":"closed","sticky":false,"template":"","format":"standard","meta":{"sfsi_plus_gutenberg_text_before_share":"","sfsi_plus_gutenberg_show_text_before_share":"","sfsi_plus_gutenberg_icon_type":"","sfsi_plus_gutenberg_icon_alignemt":"","sfsi_plus_gutenburg_max_per_row":"","footnotes":""},"categories":[2],"tags":[],"class_list":["post-35886","post","type-post","status-publish","format-standard","has-post-thumbnail","hentry","category-geral"],"_links":{"self":[{"href":"https:\/\/www.caririemacao.com\/1\/wp-json\/wp\/v2\/posts\/35886","targetHints":{"allow":["GET"]}}],"collection":[{"href":"https:\/\/www.caririemacao.com\/1\/wp-json\/wp\/v2\/posts"}],"about":[{"href":"https:\/\/www.caririemacao.com\/1\/wp-json\/wp\/v2\/types\/post"}],"author":[{"embeddable":true,"href":"https:\/\/www.caririemacao.com\/1\/wp-json\/wp\/v2\/users\/2"}],"replies":[{"embeddable":true,"href":"https:\/\/www.caririemacao.com\/1\/wp-json\/wp\/v2\/comments?post=35886"}],"version-history":[{"count":0,"href":"https:\/\/www.caririemacao.com\/1\/wp-json\/wp\/v2\/posts\/35886\/revisions"}],"wp:featuredmedia":[{"embeddable":true,"href":"https:\/\/www.caririemacao.com\/1\/wp-json\/wp\/v2\/media\/35887"}],"wp:attachment":[{"href":"https:\/\/www.caririemacao.com\/1\/wp-json\/wp\/v2\/media?parent=35886"}],"wp:term":[{"taxonomy":"category","embeddable":true,"href":"https:\/\/www.caririemacao.com\/1\/wp-json\/wp\/v2\/categories?post=35886"},{"taxonomy":"post_tag","embeddable":true,"href":"https:\/\/www.caririemacao.com\/1\/wp-json\/wp\/v2\/tags?post=35886"}],"curies":[{"name":"wp","href":"https:\/\/api.w.org\/{rel}","templated":true}]}}