{"id":35889,"date":"2017-12-28T02:15:38","date_gmt":"2017-12-28T05:15:38","guid":{"rendered":"http:\/\/caririemacao.com\/1\/?p=35889"},"modified":"2017-12-28T05:17:09","modified_gmt":"2017-12-28T08:17:09","slug":"ministro-do-trabalho-pede-demissao-apos-pais-perder-12-mil-empregos","status":"publish","type":"post","link":"https:\/\/www.caririemacao.com\/1\/2017\/12\/28\/ministro-do-trabalho-pede-demissao-apos-pais-perder-12-mil-empregos\/","title":{"rendered":"Ministro do Trabalho pede demiss\u00e3o ap\u00f3s pa\u00eds perder 12 mil empregos"},"content":{"rendered":"<div class=\"default\">\n<p>O ministro do Trabalho, Ronaldo Nogueira, pediu demiss\u00e3o hoje (27). A sa\u00edda de Nogueira do cargo foi confirmada pelo Pal\u00e1cio do Planalto ap\u00f3s reuni\u00e3o dele com o presidente da Rep\u00fablica, Michel Temer.<\/p>\n<p>Nogueira volta \u00e0 C\u00e2mara dos Deputados, onde retoma seu mandato pelo PTB do Rio Grande do Sul. Ele comandava o Minist\u00e9rio do Trabalho desde maio de 2016.<\/p>\n<p>O \u00faltimo ato de Nogueira no cargo foi a divulga\u00e7\u00e3o dos dados de novembro do Cadastro Geral de Empregados e Desempregados (Caged), que mostram o fechamento de 12 mil postos de trabalho.<\/p>\n<p>Durante a gest\u00e3o de Nogueira, entrou em vigor a nova lei trabalhista. Considerada pelo governo umas das mais importantes medidas de est\u00edmulo \u00e0 gera\u00e7\u00e3o de empregos, a reforma s\u00f3 foi aprovada ap\u00f3s muita resist\u00eancia da oposi\u00e7\u00e3o e em meio a pol\u00eamicas sobre as mudan\u00e7as na lei.<\/p>\n<\/div>\n<div>\n<p><strong>CARIRI EM A\u00c7\u00c3O<\/strong><\/p>\n<p><em>Com Ag\u00eancia Brasil \/Foto: Reprodu\u00e7\u00e3o google<\/em><\/p>\n<p><strong>Leia mais not\u00edcias em\u00a0<\/strong><a href=\"http:\/\/www.caririemacao.com\/\"><strong>caririemacao.com<\/strong><\/a><strong>, siga nossa p\u00e1gina no\u00a0<\/strong><a href=\"https:\/\/www.facebook.com\/CaririEmAcao\/?ref=aymt_homepage_panel\"><strong>Facebook<\/strong><\/a>,<strong>\u00a0<\/strong><a href=\"https:\/\/www.instagram.com\/cariri_em_acao\/?hl=pt-br\"><strong>Instagram<\/strong><\/a><strong>\u00a0e <\/strong><a href=\"https:\/\/www.youtube.com\/channel\/UCAptA0jQuYQy8vMhLt2m4qg\"><strong>Youtube<\/strong><\/a><strong>\u00a0e veja nossas mat\u00e9rias, v\u00eddeos e fotos. Voc\u00ea tamb\u00e9m pode enviar informa\u00e7\u00f5es \u00e0 Reda\u00e7\u00e3o do Portal Cariri em A\u00e7\u00e3o pelo WhatsApp (83) 9 9634.5791, (83) 9 9601-1162.<\/strong><\/p>\n<\/div>\n","protected":false},"excerpt":{"rendered":"<p>O ministro do Trabalho, Ronaldo Nogueira, pediu demiss\u00e3o hoje (27). A sa\u00edda de Nogueira do cargo foi confirmada pelo Pal\u00e1cio do Planalto ap\u00f3s reuni\u00e3o dele&hellip; <\/p>\n","protected":false},"author":2,"featured_media":35890,"comment_status":"closed","ping_status":"closed","sticky":false,"template":"","format":"standard","meta":{"sfsi_plus_gutenberg_text_before_share":"","sfsi_plus_gutenberg_show_text_before_share":"","sfsi_plus_gutenberg_icon_type":"","sfsi_plus_gutenberg_icon_alignemt":"","sfsi_plus_gutenburg_max_per_row":"","footnotes":""},"categories":[11],"tags":[],"class_list":["post-35889","post","type-post","status-publish","format-standard","has-post-thumbnail","hentry","category-politica"],"_links":{"self":[{"href":"https:\/\/www.caririemacao.com\/1\/wp-json\/wp\/v2\/posts\/35889","targetHints":{"allow":["GET"]}}],"collection":[{"href":"https:\/\/www.caririemacao.com\/1\/wp-json\/wp\/v2\/posts"}],"about":[{"href":"https:\/\/www.caririemacao.com\/1\/wp-json\/wp\/v2\/types\/post"}],"author":[{"embeddable":true,"href":"https:\/\/www.caririemacao.com\/1\/wp-json\/wp\/v2\/users\/2"}],"replies":[{"embeddable":true,"href":"https:\/\/www.caririemacao.com\/1\/wp-json\/wp\/v2\/comments?post=35889"}],"version-history":[{"count":0,"href":"https:\/\/www.caririemacao.com\/1\/wp-json\/wp\/v2\/posts\/35889\/revisions"}],"wp:featuredmedia":[{"embeddable":true,"href":"https:\/\/www.caririemacao.com\/1\/wp-json\/wp\/v2\/media\/35890"}],"wp:attachment":[{"href":"https:\/\/www.caririemacao.com\/1\/wp-json\/wp\/v2\/media?parent=35889"}],"wp:term":[{"taxonomy":"category","embeddable":true,"href":"https:\/\/www.caririemacao.com\/1\/wp-json\/wp\/v2\/categories?post=35889"},{"taxonomy":"post_tag","embeddable":true,"href":"https:\/\/www.caririemacao.com\/1\/wp-json\/wp\/v2\/tags?post=35889"}],"curies":[{"name":"wp","href":"https:\/\/api.w.org\/{rel}","templated":true}]}}