{"id":35895,"date":"2017-12-28T05:24:28","date_gmt":"2017-12-28T08:24:28","guid":{"rendered":"http:\/\/caririemacao.com\/1\/?p=35895"},"modified":"2017-12-28T05:24:28","modified_gmt":"2017-12-28T08:24:28","slug":"prefeituras-da-paraiba-vao-receber-r-92-milhoes-do-fpm-que-cresceu-15","status":"publish","type":"post","link":"https:\/\/www.caririemacao.com\/1\/2017\/12\/28\/prefeituras-da-paraiba-vao-receber-r-92-milhoes-do-fpm-que-cresceu-15\/","title":{"rendered":"Prefeituras da Para\u00edba v\u00e3o receber R$ 92 milh\u00f5es do FPM que cresceu 15%"},"content":{"rendered":"<p>s 223 prefeituras da Para\u00edba v\u00e3o receber, nesta quinta-feira (28), R$ 92,2 milh\u00f5es brutos, referente ao \u00faltimo repasse do ano Fundo de Participa\u00e7\u00e3o dos Munic\u00edpios (FPM). Do total, R$ 10 milh\u00f5es ser\u00e3o transferidos pelo governo federal para Jo\u00e3o Pessoa, enquanto Campina Grande perceber\u00e1 R$ 2,79 milh\u00f5es e Santa Rita, R$ 1,5 milh\u00e3o. As prefeituras de Patos e Bayeux v\u00e3o embolsar pouco mais de R$ 1,2 milh\u00e3o. Os 136 munic\u00edpios enquadrados no coeficiente 0.6 perceber\u00e3o R$ 252 mil brutos.<\/p>\n<p>Em n\u00edvel nacional, o \u00faltimo repasse do ano do FPM ser\u00e1 de R$ 2,3 bilh\u00f5es \u2013 valor com a reten\u00e7\u00e3o do Fundo de Manuten\u00e7\u00e3o e Desenvolvimento da Educa\u00e7\u00e3o B\u00e1sica e de Valoriza\u00e7\u00e3o dos Profissionais da Educa\u00e7\u00e3o (Fundeb). Este valor, referente ao 3\u00ba dec\u00eandio do m\u00eas de dezembro. O valor bruto \u2013 somado a dedu\u00e7\u00e3o do Fundeb \u2013 \u00e9 de R$ 2,9 bilh\u00f5es.<\/p>\n<h4>Crescimento<\/h4>\n<p>De acordo coma \u00e1rea de Estudos T\u00e9cnicos da Confedera\u00e7\u00e3o Nacional de Munic\u00edpios (CNM), 3\u00ba dec\u00eandio de dezembro de 2017, comparado ao mesmo per\u00edodo em 2016, teve um crescimento de 15,05% em termos nominais \u2013 sem considerar os efeitos da infla\u00e7\u00e3o. A soma dos tr\u00eas dec\u00eandios apresentou um aumento de 3,58%, em compara\u00e7\u00e3o com o ano anterior.<br \/>\nJ\u00e1 em valores reais \u2013 quando se leva em considera\u00e7\u00e3o a infla\u00e7\u00e3o \u2013 o repasse do 3\u00ba dec\u00eandio em rela\u00e7\u00e3o ao mesmo dec\u00eandio de 2016 apresentou um aumento de 12,25%. O acumulado dos tr\u00eas dec\u00eandios desse m\u00eas apontou crescimento de 1,06%, em rela\u00e7\u00e3o ao ano anterior.<\/p>\n<p>O montante de FPM repassado ao longo de 2017 at\u00e9 o momento totaliza o montante de R$ 95,074 bilh\u00f5es. Isso representa um aumento de 8,02% em rela\u00e7\u00e3o ao montante transferido aos Munic\u00edpios, no mesmo per\u00edodo do ano anterior, sem considerar os efeitos da infla\u00e7\u00e3o.<br \/>\nA CNM destaca que o repasse total leva em considera\u00e7\u00e3o o valor pago aos Munic\u00edpios de 1% de julho e de dezembro que foram de, respectivamente, R$ 3,999 bilh\u00f5es e R$ 3,876 bilh\u00f5es.<br \/>\nSegundo Estudos T\u00e9cnicos da CNM, ao se considerar os efeitos da infla\u00e7\u00e3o, o Fundo fecha o ano em crescimento de 4,48%, em rela\u00e7\u00e3o ao ano de 2016.<\/p>\n<h4>Acumulado de 2017<\/h4>\n<p>Dessa forma, o acumulado dos dec\u00eandios de dezembro de 2017 contrariou as expectativas, pois o previsto pela Secretaria do Tesouro Nacional (STN) era R$ 6,317 bilh\u00f5es, enquanto que o realizado foi de R$ 7,071 bilh\u00f5es, representando um aumento de 11,94% entre o previsto e o realizado.<br \/>\n\u00c9 importante lembra que apesar das dificuldades enfrentadas diariamente pelos gestores municipais, o FPM fechou o ano em crescimento. Mesmo assim, a Confedera\u00e7\u00e3o recomenda cautela aos gestores para que fiquem atentos aos primeiros meses do pr\u00f3ximo ano, ao gerir os recursos municipais, pois o cen\u00e1rio pol\u00edtico e econ\u00f4mico brasileiro ainda se constitui incerto.<\/p>\n<p>A CNM reitera que trabalhou durante todo o ano em prol das causas municipalistas. Dentre as conquistas de 2017 est\u00e3o o 1% de julho e dezembro, assim como o FEX, a redistribui\u00e7\u00e3o do ISS, os precat\u00f3rios, o parcelamento previdenci\u00e1rio, dentre outras conquistas, que podem ser verificadas no site da confedera\u00e7\u00e3o. Mesmo com tantas conquistas, sabemos que h\u00e1 muito a se fazer pelos Munic\u00edpios brasileiros e nos empenharemos ainda mais em 2018.<\/p>\n<p><strong>CARIRI EM A\u00c7\u00c3O<\/strong><\/p>\n<p><em>Com Jornal da Para\u00edba\/Foto: Reprodu\u00e7\u00e3o google<\/em><\/p>\n<p><strong>Leia mais not\u00edcias em\u00a0<\/strong><a href=\"http:\/\/www.caririemacao.com\/\"><strong>caririemacao.com<\/strong><\/a><strong>, siga nossa p\u00e1gina no\u00a0<\/strong><a href=\"https:\/\/www.facebook.com\/CaririEmAcao\/?ref=aymt_homepage_panel\"><strong>Facebook<\/strong><\/a>,<strong>\u00a0<\/strong><a href=\"https:\/\/www.instagram.com\/cariri_em_acao\/?hl=pt-br\"><strong>Instagram<\/strong><\/a><strong>\u00a0e <\/strong><a href=\"https:\/\/www.youtube.com\/channel\/UCAptA0jQuYQy8vMhLt2m4qg\"><strong>Youtube<\/strong><\/a><strong>\u00a0e veja nossas mat\u00e9rias, v\u00eddeos e fotos. Voc\u00ea tamb\u00e9m pode enviar informa\u00e7\u00f5es \u00e0 Reda\u00e7\u00e3o do Portal Cariri em A\u00e7\u00e3o pelo WhatsApp (83) 9 9634.5791, (83) 9 9601-1162.<\/strong><\/p>\n","protected":false},"excerpt":{"rendered":"<p>s 223 prefeituras da Para\u00edba v\u00e3o receber, nesta quinta-feira (28), R$ 92,2 milh\u00f5es brutos, referente ao \u00faltimo repasse do ano Fundo de Participa\u00e7\u00e3o dos Munic\u00edpios&hellip; <\/p>\n","protected":false},"author":2,"featured_media":9404,"comment_status":"closed","ping_status":"closed","sticky":false,"template":"","format":"standard","meta":{"sfsi_plus_gutenberg_text_before_share":"","sfsi_plus_gutenberg_show_text_before_share":"","sfsi_plus_gutenberg_icon_type":"","sfsi_plus_gutenberg_icon_alignemt":"","sfsi_plus_gutenburg_max_per_row":"","footnotes":""},"categories":[6],"tags":[],"class_list":["post-35895","post","type-post","status-publish","format-standard","has-post-thumbnail","hentry","category-cidades"],"_links":{"self":[{"href":"https:\/\/www.caririemacao.com\/1\/wp-json\/wp\/v2\/posts\/35895","targetHints":{"allow":["GET"]}}],"collection":[{"href":"https:\/\/www.caririemacao.com\/1\/wp-json\/wp\/v2\/posts"}],"about":[{"href":"https:\/\/www.caririemacao.com\/1\/wp-json\/wp\/v2\/types\/post"}],"author":[{"embeddable":true,"href":"https:\/\/www.caririemacao.com\/1\/wp-json\/wp\/v2\/users\/2"}],"replies":[{"embeddable":true,"href":"https:\/\/www.caririemacao.com\/1\/wp-json\/wp\/v2\/comments?post=35895"}],"version-history":[{"count":0,"href":"https:\/\/www.caririemacao.com\/1\/wp-json\/wp\/v2\/posts\/35895\/revisions"}],"wp:featuredmedia":[{"embeddable":true,"href":"https:\/\/www.caririemacao.com\/1\/wp-json\/wp\/v2\/media\/9404"}],"wp:attachment":[{"href":"https:\/\/www.caririemacao.com\/1\/wp-json\/wp\/v2\/media?parent=35895"}],"wp:term":[{"taxonomy":"category","embeddable":true,"href":"https:\/\/www.caririemacao.com\/1\/wp-json\/wp\/v2\/categories?post=35895"},{"taxonomy":"post_tag","embeddable":true,"href":"https:\/\/www.caririemacao.com\/1\/wp-json\/wp\/v2\/tags?post=35895"}],"curies":[{"name":"wp","href":"https:\/\/api.w.org\/{rel}","templated":true}]}}