{"id":35897,"date":"2017-12-28T05:26:47","date_gmt":"2017-12-28T08:26:47","guid":{"rendered":"http:\/\/caririemacao.com\/1\/?p=35897"},"modified":"2017-12-28T05:26:47","modified_gmt":"2017-12-28T08:26:47","slug":"joao-azevedo-diz-que-a-paraiba-perde-ao-nao-ter-um-senador-do-calibre-de-ricardo-coutinho","status":"publish","type":"post","link":"https:\/\/www.caririemacao.com\/1\/2017\/12\/28\/joao-azevedo-diz-que-a-paraiba-perde-ao-nao-ter-um-senador-do-calibre-de-ricardo-coutinho\/","title":{"rendered":"Jo\u00e3o Azevedo diz que a Para\u00edba \u2018perde\u2019 ao n\u00e3o ter um senador do calibre de Ricardo Coutinho"},"content":{"rendered":"<p>O pr\u00e9 candidato governista, Jo\u00e3o Azevedo, concedeu entrevista nesta quarta (27) no Master News e comentou sobre as perspectivas para 2018.<\/p>\n<p>Jo\u00e3o Azevedo aproveitou a oportunidade para alfinetar a obra do prefeito Luciano Cartaxo e falou sobre a obra do Parque Parahyba, que custou cerca de R$7 milh\u00f5es, um valor aceit\u00e1vel \u201cdiferente de outras obras que vimos na capital\u201d.<\/p>\n<p>Sobre a parceira com Veneziano Vital do Rego e de Luiz Couto, Jo\u00e3o confessa que a chapa n\u00e3o est\u00e1 pronta, mas que os dois nomes s\u00e3o importantes.<\/p>\n<p>Jo\u00e3o Azevedo se mostra defensor da candidatura de Ricardo Coutinho ao senado. Para o secret\u00e1rio a Para\u00edba \u201cperde\u201d ao n\u00e3o ter um senador no n\u00edvel de Ricardo, mas que ele realmente est\u00e1 comprometido com sua gest\u00e3o e dever\u00e1 continuar seu mandato. \u201cEle tem uma grande aceita\u00e7\u00e3o, mas ele n\u00e3o vai abrir m\u00e3o desse projeto. \u00c9 uma decis\u00e3o totalmente pessoal\u201d.<\/p>\n<p><strong>CARIRI EM A\u00c7\u00c3O<\/strong><\/p>\n<p><em>Com Pol\u00eamica Para\u00edba\/Foto: Reprodu\u00e7\u00e3o google<\/em><\/p>\n<p><strong>Leia mais not\u00edcias em\u00a0<\/strong><a href=\"http:\/\/www.caririemacao.com\/\"><strong>caririemacao.com<\/strong><\/a><strong>, siga nossa p\u00e1gina no\u00a0<\/strong><a href=\"https:\/\/www.facebook.com\/CaririEmAcao\/?ref=aymt_homepage_panel\"><strong>Facebook<\/strong><\/a>,<strong>\u00a0<\/strong><a href=\"https:\/\/www.instagram.com\/cariri_em_acao\/?hl=pt-br\"><strong>Instagram<\/strong><\/a><strong>\u00a0e <\/strong><a href=\"https:\/\/www.youtube.com\/channel\/UCAptA0jQuYQy8vMhLt2m4qg\"><strong>Youtube<\/strong><\/a><strong>\u00a0e veja nossas mat\u00e9rias, v\u00eddeos e fotos. Voc\u00ea tamb\u00e9m pode enviar informa\u00e7\u00f5es \u00e0 Reda\u00e7\u00e3o do Portal Cariri em A\u00e7\u00e3o pelo WhatsApp (83) 9 9634.5791, (83) 9 9601-1162.<\/strong><\/p>\n","protected":false},"excerpt":{"rendered":"<p>O pr\u00e9 candidato governista, Jo\u00e3o Azevedo, concedeu entrevista nesta quarta (27) no Master News e comentou sobre as perspectivas para 2018. Jo\u00e3o Azevedo aproveitou a&hellip; <\/p>\n","protected":false},"author":2,"featured_media":25849,"comment_status":"closed","ping_status":"closed","sticky":false,"template":"","format":"standard","meta":{"sfsi_plus_gutenberg_text_before_share":"","sfsi_plus_gutenberg_show_text_before_share":"","sfsi_plus_gutenberg_icon_type":"","sfsi_plus_gutenberg_icon_alignemt":"","sfsi_plus_gutenburg_max_per_row":"","footnotes":""},"categories":[1],"tags":[],"class_list":["post-35897","post","type-post","status-publish","format-standard","has-post-thumbnail","hentry","category-o-site"],"_links":{"self":[{"href":"https:\/\/www.caririemacao.com\/1\/wp-json\/wp\/v2\/posts\/35897","targetHints":{"allow":["GET"]}}],"collection":[{"href":"https:\/\/www.caririemacao.com\/1\/wp-json\/wp\/v2\/posts"}],"about":[{"href":"https:\/\/www.caririemacao.com\/1\/wp-json\/wp\/v2\/types\/post"}],"author":[{"embeddable":true,"href":"https:\/\/www.caririemacao.com\/1\/wp-json\/wp\/v2\/users\/2"}],"replies":[{"embeddable":true,"href":"https:\/\/www.caririemacao.com\/1\/wp-json\/wp\/v2\/comments?post=35897"}],"version-history":[{"count":0,"href":"https:\/\/www.caririemacao.com\/1\/wp-json\/wp\/v2\/posts\/35897\/revisions"}],"wp:featuredmedia":[{"embeddable":true,"href":"https:\/\/www.caririemacao.com\/1\/wp-json\/wp\/v2\/media\/25849"}],"wp:attachment":[{"href":"https:\/\/www.caririemacao.com\/1\/wp-json\/wp\/v2\/media?parent=35897"}],"wp:term":[{"taxonomy":"category","embeddable":true,"href":"https:\/\/www.caririemacao.com\/1\/wp-json\/wp\/v2\/categories?post=35897"},{"taxonomy":"post_tag","embeddable":true,"href":"https:\/\/www.caririemacao.com\/1\/wp-json\/wp\/v2\/tags?post=35897"}],"curies":[{"name":"wp","href":"https:\/\/api.w.org\/{rel}","templated":true}]}}