{"id":35904,"date":"2017-12-28T05:50:03","date_gmt":"2017-12-28T08:50:03","guid":{"rendered":"http:\/\/caririemacao.com\/1\/?p=35904"},"modified":"2017-12-28T05:50:03","modified_gmt":"2017-12-28T08:50:03","slug":"prazo-para-cadastro-de-beneficiarios-do-bpc-no-cadunico-e-prorrogado","status":"publish","type":"post","link":"https:\/\/www.caririemacao.com\/1\/2017\/12\/28\/prazo-para-cadastro-de-beneficiarios-do-bpc-no-cadunico-e-prorrogado\/","title":{"rendered":"Prazo para cadastro de benefici\u00e1rios do BPC no Cad\u00danico \u00e9 prorrogado"},"content":{"rendered":"<p>Foi prorrogado at\u00e9 o dia 31 de dezembro de 2018 o prazo de cadastro para pessoas que recebem o Benef\u00edcio de Presta\u00e7\u00e3o Continuada (BPC) no Cadastro \u00danico (Cad\u00danico) em todo pa\u00eds. Na Para\u00edba,\u00a0quase 112 mil pessoas t\u00eam o benef\u00edcio\u00a0e precisam realizar a inscri\u00e7\u00e3o de atualiza\u00e7\u00e3o, junto as secretarias de Assist\u00eancia Social de cada munic\u00edpio. Antes, o prazo final era previsto para o dia 31 deste m\u00eas.<\/p>\n<p>A medida autorizando a prorroga\u00e7\u00e3o do prazo foi publicada nesta ter\u00e7a-feira (26), atrav\u00e9s da\u00a0<a href=\"http:\/\/pesquisa.in.gov.br\/imprensa\/jsp\/visualiza\/index.jsp?data=26\/12\/2017&amp;jornal=515&amp;pagina=972&amp;totalArquivos=1010\/\" target=\"_blank\" rel=\"noopener\"><strong>portaria interministerial (n\u00ba5\/2017)<\/strong><\/a>, no Di\u00e1rio Oficial da Uni\u00e3o. A extens\u00e3o do per\u00edodo para o cadastro atende a\u00a0<a href=\"http:\/\/www.mds.gov.br\/cnas\/legislacao\/resolucoes\/arquivos-2017\/cnas-2017-016-24-11-2017.pdf\/download\" target=\"_blank\" rel=\"noopener\"><strong>recomenda\u00e7\u00e3o<\/strong>\u00a0<\/a>do Tribunal de Contas da Uni\u00e3o (TCU) e o Conselho Nacional de Assist\u00eancia Social (Cnas), em considera\u00e7\u00e3o das dificuldades enfrentadas pelas gest\u00f5es no cumprimento da demanda.<\/p>\n<p>O BPC \u00e9 um aux\u00edlio assistencial pago pelo Governo Federal, para pessoas idosas, com idades acima de 65 anos ou deficientes com renda inferior a \u00bc do sal\u00e1rio m\u00ednimo por membro do grupo familiar.<\/p>\n<h4>Documenta\u00e7\u00e3o necess\u00e1ria<\/h4>\n<p>Para atualizar o cadastro, os benefici\u00e1rios do BPC devem comparecer a secretaria de Assist\u00eancia Social de sua cidade, munidos dos documentos de identifica\u00e7\u00e3o pessoal e dos membros do grupo familiar, incluindo demonstrativo de renda, comprovante de resid\u00eancia, carteira de identidade, CPF, t\u00edtulo de eleitor, certid\u00e3o de nascimento e certid\u00e3o de nascimento, se for o caso.<\/p>\n<h4>Cad\u00danico<\/h4>\n<p>O Cadastro \u00danico \u00e9 um instrumento utilizado pelo Governo Federal para identifica\u00e7\u00e3o de fam\u00edlias de baixa renda. Nele, s\u00e3o registradas informa\u00e7\u00f5es de caracter\u00edsticas da resid\u00eancia, identifica\u00e7\u00e3o de cada pessoa do grupo familiar, n\u00edvel escolaridade e a situa\u00e7\u00e3o de trabalho e renda. O Cad\u00danico \u00e9 utilizado como base de informa\u00e7\u00f5es para mais de 20 programas sociais.<\/p>\n<p><strong>CARIRI EM A\u00c7\u00c3O<\/strong><\/p>\n<p>Com Jornal da Para\u00edba\/Foto: Reprodu\u00e7\u00e3o google<\/p>\n<p><strong>Leia mais not\u00edcias em\u00a0<\/strong><a href=\"http:\/\/www.caririemacao.com\/\"><strong>caririemacao.com<\/strong><\/a><strong>, siga nossa p\u00e1gina no\u00a0<\/strong><a href=\"https:\/\/www.facebook.com\/CaririEmAcao\/?ref=aymt_homepage_panel\"><strong>Facebook<\/strong><\/a>,<strong>\u00a0<\/strong><a href=\"https:\/\/www.instagram.com\/cariri_em_acao\/?hl=pt-br\"><strong>Instagram<\/strong><\/a><strong>\u00a0e <\/strong><a href=\"https:\/\/www.youtube.com\/channel\/UCAptA0jQuYQy8vMhLt2m4qg\"><strong>Youtube<\/strong><\/a><strong>\u00a0e veja nossas mat\u00e9rias, v\u00eddeos e fotos. Voc\u00ea tamb\u00e9m pode enviar informa\u00e7\u00f5es \u00e0 Reda\u00e7\u00e3o do Portal Cariri em A\u00e7\u00e3o pelo WhatsApp (83) 9 9634.5791, (83) 9 9601-1162.<\/strong><\/p>\n","protected":false},"excerpt":{"rendered":"<p>Foi prorrogado at\u00e9 o dia 31 de dezembro de 2018 o prazo de cadastro para pessoas que recebem o Benef\u00edcio de Presta\u00e7\u00e3o Continuada (BPC) no&hellip; <\/p>\n","protected":false},"author":2,"featured_media":35905,"comment_status":"closed","ping_status":"closed","sticky":false,"template":"","format":"standard","meta":{"sfsi_plus_gutenberg_text_before_share":"","sfsi_plus_gutenberg_show_text_before_share":"","sfsi_plus_gutenberg_icon_type":"","sfsi_plus_gutenberg_icon_alignemt":"","sfsi_plus_gutenburg_max_per_row":"","footnotes":""},"categories":[2],"tags":[],"class_list":["post-35904","post","type-post","status-publish","format-standard","has-post-thumbnail","hentry","category-geral"],"_links":{"self":[{"href":"https:\/\/www.caririemacao.com\/1\/wp-json\/wp\/v2\/posts\/35904","targetHints":{"allow":["GET"]}}],"collection":[{"href":"https:\/\/www.caririemacao.com\/1\/wp-json\/wp\/v2\/posts"}],"about":[{"href":"https:\/\/www.caririemacao.com\/1\/wp-json\/wp\/v2\/types\/post"}],"author":[{"embeddable":true,"href":"https:\/\/www.caririemacao.com\/1\/wp-json\/wp\/v2\/users\/2"}],"replies":[{"embeddable":true,"href":"https:\/\/www.caririemacao.com\/1\/wp-json\/wp\/v2\/comments?post=35904"}],"version-history":[{"count":0,"href":"https:\/\/www.caririemacao.com\/1\/wp-json\/wp\/v2\/posts\/35904\/revisions"}],"wp:featuredmedia":[{"embeddable":true,"href":"https:\/\/www.caririemacao.com\/1\/wp-json\/wp\/v2\/media\/35905"}],"wp:attachment":[{"href":"https:\/\/www.caririemacao.com\/1\/wp-json\/wp\/v2\/media?parent=35904"}],"wp:term":[{"taxonomy":"category","embeddable":true,"href":"https:\/\/www.caririemacao.com\/1\/wp-json\/wp\/v2\/categories?post=35904"},{"taxonomy":"post_tag","embeddable":true,"href":"https:\/\/www.caririemacao.com\/1\/wp-json\/wp\/v2\/tags?post=35904"}],"curies":[{"name":"wp","href":"https:\/\/api.w.org\/{rel}","templated":true}]}}