{"id":35907,"date":"2017-12-28T05:52:22","date_gmt":"2017-12-28T08:52:22","guid":{"rendered":"http:\/\/caririemacao.com\/1\/?p=35907"},"modified":"2017-12-28T05:52:22","modified_gmt":"2017-12-28T08:52:22","slug":"paraiba-perde-56-mil-vagas-de-emprego-em-12-meses-aponta-caged","status":"publish","type":"post","link":"https:\/\/www.caririemacao.com\/1\/2017\/12\/28\/paraiba-perde-56-mil-vagas-de-emprego-em-12-meses-aponta-caged\/","title":{"rendered":"Para\u00edba perde 5,6 mil vagas de emprego em 12 meses, aponta Caged"},"content":{"rendered":"<div class=\"mc-column content-media content-media--normal  content-photo\" data-block-type=\"backstage-photo\" data-block-id=\"0\">\n<div class=\"content-media__container\">\n<div class=\"content-media__description-centered \">\n<p class=\"content-media__description\">A Para\u00edba perdeu 5.663 vagas de emprego formal nos \u00faltimos 12 meses, segundo dados do Cadastro Geral de Empregados e Desempregados (Caged), divulgados nesta quarta-feira (27) pelo Minist\u00e9rio do Trabalho. Por\u00e9m, com 1.256 novas contrata\u00e7\u00f5es, novembro deste ano alcan\u00e7ou a melhor marca para o m\u00eas desde 2014.<\/p>\n<\/div>\n<\/div>\n<\/div>\n<div class=\"mc-column content-text active-extra-styles \" data-block-type=\"unstyled\" data-block-weight=\"44\" data-block-id=\"3\">\n<p class=\"content-text__container \" data-track-category=\"Link no Texto\" data-track-links=\"\">No acumulado em 12 meses, houve 123 mil demiss\u00f5es e 117,4 mil contrata\u00e7\u00f5es. A redu\u00e7\u00e3o foi de 1,4% nas vagas de emprego. Nos 11 meses deste ano, a queda \u00e9 de 1,6 mil vagas: foram 110 mil admiss\u00f5es e 111 mil desligamentos de trabalhadores.<\/p>\n<\/div>\n<div class=\"mc-column content-text active-extra-styles \" data-block-type=\"unstyled\" data-block-weight=\"26\" data-block-id=\"4\">\n<p class=\"content-text__container \" data-track-category=\"Link no Texto\" data-track-links=\"\">Os setores da ind\u00fastria (-3.564 empregos), constru\u00e7\u00e3o civil (-1.371 vagas) e servi\u00e7os (-923 empregos) registraram as maiores redu\u00e7\u00f5es de postos de trabalho nos \u00faltimos 12 meses.<\/p>\n<\/div>\n<div class=\"mc-column content-text active-extra-styles \" data-block-type=\"unstyled\" data-block-weight=\"21\" data-block-id=\"5\">\n<p class=\"content-text__container \" data-track-category=\"Link no Texto\" data-track-links=\"\">A principal recupera\u00e7\u00e3o em novembro foi no setor do com\u00e9rcio. Com a chegada das festas de fim de ano houve um<\/p>\n<\/div>\n<div class=\"mc-column content-text active-extra-styles\" data-block-type=\"raw\" data-block-weight=\"4\" data-block-id=\"6\">\n<div class=\"content-intertitle\">\n<p><strong>Melhor novembro desde 2014<\/strong><\/p>\n<\/div>\n<\/div>\n<div class=\"mc-column content-text active-extra-styles \" data-block-type=\"unstyled\" data-block-weight=\"46\" data-block-id=\"7\">\n<p class=\"content-text__container \" data-track-category=\"Link no Texto\" data-track-links=\"\">Novembro de 2017 alcan\u00e7ou super\u00e1vit de empregos pela primeira vez desde 2014. Naquele ano, a Para\u00edba vinha de 12 anos seguidos de evolu\u00e7\u00e3o no emprego formal. Em 2015, houve redu\u00e7\u00e3o de 93 vagas no m\u00eas, enquanto no ano passado a queda foi de 347 vagas formais.<\/p>\n<\/div>\n<div data-track-category=\"fim do conteudo\" data-track-action=\"ultimo chunk conteudo\" data-track-noninteraction=\"false\" data-track-scroll=\"entrada completa viewport\">\n<div class=\"mc-column content-text active-extra-styles \" data-block-type=\"unstyled\" data-block-weight=\"40\" data-block-id=\"8\">\n<p class=\"content-text__container \" data-track-category=\"Link no Texto\" data-track-links=\"\">No Brasil, o saldo de contrata\u00e7\u00f5es da Para\u00edba foi o quarto maior do pa\u00eds. Os outros destaques foram Cear\u00e1, com 2.861 novos postos de trabalho; Alagoas, com a cria\u00e7\u00e3o de 1.468 empregos; e Paran\u00e1, com saldo positivo de 1.433 empregos.<\/p>\n<p><strong>CARIRI EM A\u00c7\u00c3O<\/strong><\/p>\n<p>Com G1 \/Foto: Reprodu\u00e7\u00e3o google<\/p>\n<p><strong>Leia mais not\u00edcias em\u00a0<\/strong><a href=\"http:\/\/www.caririemacao.com\/\"><strong>caririemacao.com<\/strong><\/a><strong>, siga nossa p\u00e1gina no\u00a0<\/strong><a href=\"https:\/\/www.facebook.com\/CaririEmAcao\/?ref=aymt_homepage_panel\"><strong>Facebook<\/strong><\/a>,<strong>\u00a0<\/strong><a href=\"https:\/\/www.instagram.com\/cariri_em_acao\/?hl=pt-br\"><strong>Instagram<\/strong><\/a><strong>\u00a0e <\/strong><a href=\"https:\/\/www.youtube.com\/channel\/UCAptA0jQuYQy8vMhLt2m4qg\"><strong>Youtube<\/strong><\/a><strong>\u00a0e veja nossas mat\u00e9rias, v\u00eddeos e fotos. Voc\u00ea tamb\u00e9m pode enviar informa\u00e7\u00f5es \u00e0 Reda\u00e7\u00e3o do Portal Cariri em A\u00e7\u00e3o pelo WhatsApp (83) 9 9634.5791, (83) 9 9601-1162.<\/strong><\/p>\n<\/div>\n<\/div>\n","protected":false},"excerpt":{"rendered":"<p>A Para\u00edba perdeu 5.663 vagas de emprego formal nos \u00faltimos 12 meses, segundo dados do Cadastro Geral de Empregados e Desempregados (Caged), divulgados nesta quarta-feira&hellip; <\/p>\n","protected":false},"author":2,"featured_media":14687,"comment_status":"closed","ping_status":"closed","sticky":false,"template":"","format":"standard","meta":{"sfsi_plus_gutenberg_text_before_share":"","sfsi_plus_gutenberg_show_text_before_share":"","sfsi_plus_gutenberg_icon_type":"","sfsi_plus_gutenberg_icon_alignemt":"","sfsi_plus_gutenburg_max_per_row":"","footnotes":""},"categories":[2],"tags":[],"class_list":["post-35907","post","type-post","status-publish","format-standard","has-post-thumbnail","hentry","category-geral"],"_links":{"self":[{"href":"https:\/\/www.caririemacao.com\/1\/wp-json\/wp\/v2\/posts\/35907","targetHints":{"allow":["GET"]}}],"collection":[{"href":"https:\/\/www.caririemacao.com\/1\/wp-json\/wp\/v2\/posts"}],"about":[{"href":"https:\/\/www.caririemacao.com\/1\/wp-json\/wp\/v2\/types\/post"}],"author":[{"embeddable":true,"href":"https:\/\/www.caririemacao.com\/1\/wp-json\/wp\/v2\/users\/2"}],"replies":[{"embeddable":true,"href":"https:\/\/www.caririemacao.com\/1\/wp-json\/wp\/v2\/comments?post=35907"}],"version-history":[{"count":0,"href":"https:\/\/www.caririemacao.com\/1\/wp-json\/wp\/v2\/posts\/35907\/revisions"}],"wp:featuredmedia":[{"embeddable":true,"href":"https:\/\/www.caririemacao.com\/1\/wp-json\/wp\/v2\/media\/14687"}],"wp:attachment":[{"href":"https:\/\/www.caririemacao.com\/1\/wp-json\/wp\/v2\/media?parent=35907"}],"wp:term":[{"taxonomy":"category","embeddable":true,"href":"https:\/\/www.caririemacao.com\/1\/wp-json\/wp\/v2\/categories?post=35907"},{"taxonomy":"post_tag","embeddable":true,"href":"https:\/\/www.caririemacao.com\/1\/wp-json\/wp\/v2\/tags?post=35907"}],"curies":[{"name":"wp","href":"https:\/\/api.w.org\/{rel}","templated":true}]}}