{"id":35912,"date":"2017-12-28T06:03:07","date_gmt":"2017-12-28T09:03:07","guid":{"rendered":"http:\/\/caririemacao.com\/1\/?p=35912"},"modified":"2017-12-28T06:03:07","modified_gmt":"2017-12-28T09:03:07","slug":"comissao-pede-arquivamento-do-processo-de-cassacao-de-berg-lima","status":"publish","type":"post","link":"https:\/\/www.caririemacao.com\/1\/2017\/12\/28\/comissao-pede-arquivamento-do-processo-de-cassacao-de-berg-lima\/","title":{"rendered":"Comiss\u00e3o pede arquivamento do processo de cassa\u00e7\u00e3o de Berg Lima"},"content":{"rendered":"<p>A Comiss\u00e3o Processante da C\u00e2mara de Vereadores de Bayeux, que analisa o processo de cassa\u00e7\u00e3o do prefeito afastado da cidade, Berg Lima (sem partido), decidiu, nesta quarta-feira (27), votar pelo arquivamento pela den\u00fancia contra o gestor.<\/p>\n<p>O parecer da relatora, vereadora Fran\u00e7a (Podemos), foi pela inoc\u00eancia de Berg no caso em que ele recebe poss\u00edvel propina de um empres\u00e1rio da cidade. O relat\u00f3rio dela foi seguido pelo presidente da Comiss\u00e3o, vereador Jeferson Kita (PSB) e contestado pela vereadora Dedeta (PSD).<\/p>\n<p>Agora, o processo de Berg seguir\u00e1 para o plen\u00e1rio da C\u00e2mara, onde ser\u00e1 votado na pr\u00f3xima sexta-feira (29), \u00e0s 8h30.<\/p>\n<p><strong>CARIRI EM A\u00c7\u00c3O<\/strong><\/p>\n<p><em>Com Mais PB\/Foto: Reprodu\u00e7\u00e3o<\/em><\/p>\n<p><strong>Leia mais not\u00edcias em\u00a0<\/strong><a href=\"http:\/\/www.caririemacao.com\/\"><strong>caririemacao.com<\/strong><\/a><strong>, siga nossa p\u00e1gina no\u00a0<\/strong><a href=\"https:\/\/www.facebook.com\/CaririEmAcao\/?ref=aymt_homepage_panel\"><strong>Facebook<\/strong><\/a>,<strong>\u00a0<\/strong><a href=\"https:\/\/www.instagram.com\/cariri_em_acao\/?hl=pt-br\"><strong>Instagram<\/strong><\/a><strong>\u00a0e <\/strong><a href=\"https:\/\/www.youtube.com\/channel\/UCAptA0jQuYQy8vMhLt2m4qg\"><strong>Youtube<\/strong><\/a><strong>\u00a0e veja nossas mat\u00e9rias, v\u00eddeos e fotos. Voc\u00ea tamb\u00e9m pode enviar informa\u00e7\u00f5es \u00e0 Reda\u00e7\u00e3o do Portal Cariri em A\u00e7\u00e3o pelo WhatsApp (83) 9 9634.5791, (83) 9 9601-1162.<\/strong><\/p>\n","protected":false},"excerpt":{"rendered":"<p>A Comiss\u00e3o Processante da C\u00e2mara de Vereadores de Bayeux, que analisa o processo de cassa\u00e7\u00e3o do prefeito afastado da cidade, Berg Lima (sem partido), decidiu,&hellip; <\/p>\n","protected":false},"author":2,"featured_media":35913,"comment_status":"closed","ping_status":"closed","sticky":false,"template":"","format":"standard","meta":{"sfsi_plus_gutenberg_text_before_share":"","sfsi_plus_gutenberg_show_text_before_share":"","sfsi_plus_gutenberg_icon_type":"","sfsi_plus_gutenberg_icon_alignemt":"","sfsi_plus_gutenburg_max_per_row":"","footnotes":""},"categories":[11],"tags":[],"class_list":["post-35912","post","type-post","status-publish","format-standard","has-post-thumbnail","hentry","category-politica"],"_links":{"self":[{"href":"https:\/\/www.caririemacao.com\/1\/wp-json\/wp\/v2\/posts\/35912","targetHints":{"allow":["GET"]}}],"collection":[{"href":"https:\/\/www.caririemacao.com\/1\/wp-json\/wp\/v2\/posts"}],"about":[{"href":"https:\/\/www.caririemacao.com\/1\/wp-json\/wp\/v2\/types\/post"}],"author":[{"embeddable":true,"href":"https:\/\/www.caririemacao.com\/1\/wp-json\/wp\/v2\/users\/2"}],"replies":[{"embeddable":true,"href":"https:\/\/www.caririemacao.com\/1\/wp-json\/wp\/v2\/comments?post=35912"}],"version-history":[{"count":0,"href":"https:\/\/www.caririemacao.com\/1\/wp-json\/wp\/v2\/posts\/35912\/revisions"}],"wp:featuredmedia":[{"embeddable":true,"href":"https:\/\/www.caririemacao.com\/1\/wp-json\/wp\/v2\/media\/35913"}],"wp:attachment":[{"href":"https:\/\/www.caririemacao.com\/1\/wp-json\/wp\/v2\/media?parent=35912"}],"wp:term":[{"taxonomy":"category","embeddable":true,"href":"https:\/\/www.caririemacao.com\/1\/wp-json\/wp\/v2\/categories?post=35912"},{"taxonomy":"post_tag","embeddable":true,"href":"https:\/\/www.caririemacao.com\/1\/wp-json\/wp\/v2\/tags?post=35912"}],"curies":[{"name":"wp","href":"https:\/\/api.w.org\/{rel}","templated":true}]}}