{"id":35915,"date":"2017-12-28T06:05:28","date_gmt":"2017-12-28T09:05:28","guid":{"rendered":"http:\/\/caririemacao.com\/1\/?p=35915"},"modified":"2017-12-28T06:05:28","modified_gmt":"2017-12-28T09:05:28","slug":"pf-e-mpf-irao-atuar-nas-investigacoes-da-gabarito","status":"publish","type":"post","link":"https:\/\/www.caririemacao.com\/1\/2017\/12\/28\/pf-e-mpf-irao-atuar-nas-investigacoes-da-gabarito\/","title":{"rendered":"PF e MPF ir\u00e3o atuar nas investiga\u00e7\u00f5es da Gabarito"},"content":{"rendered":"<p>A 16\u00aa Vara Federal (Exclusiva Penal) reconheceu, no \u00faltimo s\u00e1bado (23), a incompet\u00eancia da Justi\u00e7a Federal para julgar duas a\u00e7\u00f5es penais decorrentes da Opera\u00e7\u00e3o Gabarito, que investiga supostas fraudes em concursos p\u00fablicos.<\/p>\n<p>Os fatos abrangidos nas duas a\u00e7\u00f5es penais que j\u00e1 est\u00e3o em andamento dizem respeito \u00e0s supostas fraudes cometidas no ENEM, para fins de preenchimento de vaga no Curso de Medicina no UNIP\u00ca (institui\u00e7\u00e3o de direito privado), e nos concursos p\u00fablicos da Guarda Municipal do Conde\/PB e do Minist\u00e9rio P\u00fablico do Rio Grande do Norte, ambos de \u00e2mbito estadual.<\/p>\n<p>A ju\u00edza federal Cristiane Mendon\u00e7a Lage, no entanto, remeteu uma terceira investiga\u00e7\u00e3o, instaurada pela Pol\u00edcia Civil, para tramita\u00e7\u00e3o no Minist\u00e9rio P\u00fablico Federal (MPF) e na Pol\u00edcia Federal (PF), para apurar fatos criminosos que envolvam \u00f3rg\u00e3os federais.<\/p>\n<p>Ao remeter o Inqu\u00e9rito Policial, a magistrada entendeu ser necess\u00e1rio aprofundar a investiga\u00e7\u00e3o sobre poss\u00edveis fraudes a concursos p\u00fablicos das esferas federal e estadual, neste \u00faltimo caso, desde que conexas com fraudes a concursos federais, quando, ent\u00e3o, poder\u00e1 haver compet\u00eancia da Justi\u00e7a Federal para o processamento de futura a\u00e7\u00e3o penal.<\/p>\n<p>\u201cNo caso do ENEM, a suposta fraude n\u00e3o atrai a compet\u00eancia deste ju\u00edzo, porquanto teve como objetivo o ingresso no UNIP\u00ca, inexiste qualquer les\u00e3o a bem, servi\u00e7os ou interesse da Uni\u00e3o. (\u2026) No tocante aos relat\u00f3rios juntados aos autos das a\u00e7\u00f5es penais, que indicariam fraudes a certames p\u00fablicos de interesse federal, os fatos devem ser aprofundados em investiga\u00e7\u00f5es pr\u00f3prias\u201d, declarou.<\/p>\n<p>A decis\u00e3o da ju\u00edza federal Cristiane Lage ocorreu ap\u00f3s a 4\u00aa Vara Criminal da Justi\u00e7a Estadual ter declinado a compet\u00eancia nos tr\u00eas processos para a Justi\u00e7a Federal, vislumbrando a possibilidade de os r\u00e9us\/investigados terem atuado em concursos federais. A magistrada afirmou que, por ora, n\u00e3o h\u00e1 justificativa para a Justi\u00e7a Federal julgar duas a\u00e7\u00f5es penais que tratam exclusivamente de crimes da compet\u00eancia da Justi\u00e7a Estadual, simplesmente porque uma outra investiga\u00e7\u00e3o ainda em curso aponta poss\u00edvel exist\u00eancia de outros crimes de compet\u00eancia da Justi\u00e7a Federal. N\u00e3o h\u00e1 como acatar compet\u00eancia da Justi\u00e7a Federal \u201cenquanto estivermos somente no campo das possibilidades\u201d.<\/p>\n<p><strong>CARIRI EM A\u00c7\u00c3O<\/strong><\/p>\n<p><em>Com Mais PB\/Foto: Reprodu\u00e7\u00e3o google<\/em><\/p>\n<p><strong>Leia mais not\u00edcias em\u00a0<\/strong><a href=\"http:\/\/www.caririemacao.com\/\"><strong>caririemacao.com<\/strong><\/a><strong>, siga nossa p\u00e1gina no\u00a0<\/strong><a href=\"https:\/\/www.facebook.com\/CaririEmAcao\/?ref=aymt_homepage_panel\"><strong>Facebook<\/strong><\/a>,<strong>\u00a0<\/strong><a href=\"https:\/\/www.instagram.com\/cariri_em_acao\/?hl=pt-br\"><strong>Instagram<\/strong><\/a><strong>\u00a0e <\/strong><a href=\"https:\/\/www.youtube.com\/channel\/UCAptA0jQuYQy8vMhLt2m4qg\"><strong>Youtube<\/strong><\/a><strong>\u00a0e veja nossas mat\u00e9rias, v\u00eddeos e fotos. Voc\u00ea tamb\u00e9m pode enviar informa\u00e7\u00f5es \u00e0 Reda\u00e7\u00e3o do Portal Cariri em A\u00e7\u00e3o pelo WhatsApp (83) 9 9634.5791, (83) 9 9601-1162.<\/strong><\/p>\n","protected":false},"excerpt":{"rendered":"<p>A 16\u00aa Vara Federal (Exclusiva Penal) reconheceu, no \u00faltimo s\u00e1bado (23), a incompet\u00eancia da Justi\u00e7a Federal para julgar duas a\u00e7\u00f5es penais decorrentes da Opera\u00e7\u00e3o Gabarito,&hellip; <\/p>\n","protected":false},"author":2,"featured_media":35916,"comment_status":"closed","ping_status":"closed","sticky":false,"template":"","format":"standard","meta":{"sfsi_plus_gutenberg_text_before_share":"","sfsi_plus_gutenberg_show_text_before_share":"","sfsi_plus_gutenberg_icon_type":"","sfsi_plus_gutenberg_icon_alignemt":"","sfsi_plus_gutenburg_max_per_row":"","footnotes":""},"categories":[14],"tags":[],"class_list":["post-35915","post","type-post","status-publish","format-standard","has-post-thumbnail","hentry","category-educacao"],"_links":{"self":[{"href":"https:\/\/www.caririemacao.com\/1\/wp-json\/wp\/v2\/posts\/35915","targetHints":{"allow":["GET"]}}],"collection":[{"href":"https:\/\/www.caririemacao.com\/1\/wp-json\/wp\/v2\/posts"}],"about":[{"href":"https:\/\/www.caririemacao.com\/1\/wp-json\/wp\/v2\/types\/post"}],"author":[{"embeddable":true,"href":"https:\/\/www.caririemacao.com\/1\/wp-json\/wp\/v2\/users\/2"}],"replies":[{"embeddable":true,"href":"https:\/\/www.caririemacao.com\/1\/wp-json\/wp\/v2\/comments?post=35915"}],"version-history":[{"count":0,"href":"https:\/\/www.caririemacao.com\/1\/wp-json\/wp\/v2\/posts\/35915\/revisions"}],"wp:featuredmedia":[{"embeddable":true,"href":"https:\/\/www.caririemacao.com\/1\/wp-json\/wp\/v2\/media\/35916"}],"wp:attachment":[{"href":"https:\/\/www.caririemacao.com\/1\/wp-json\/wp\/v2\/media?parent=35915"}],"wp:term":[{"taxonomy":"category","embeddable":true,"href":"https:\/\/www.caririemacao.com\/1\/wp-json\/wp\/v2\/categories?post=35915"},{"taxonomy":"post_tag","embeddable":true,"href":"https:\/\/www.caririemacao.com\/1\/wp-json\/wp\/v2\/tags?post=35915"}],"curies":[{"name":"wp","href":"https:\/\/api.w.org\/{rel}","templated":true}]}}