{"id":35918,"date":"2017-12-28T06:09:50","date_gmt":"2017-12-28T09:09:50","guid":{"rendered":"http:\/\/caririemacao.com\/1\/?p=35918"},"modified":"2017-12-28T06:09:50","modified_gmt":"2017-12-28T09:09:50","slug":"estudantes-que-nao-fizeram-o-enade-podem-regularizar-situacao-ate-31-de-janeiro","status":"publish","type":"post","link":"https:\/\/www.caririemacao.com\/1\/2017\/12\/28\/estudantes-que-nao-fizeram-o-enade-podem-regularizar-situacao-ate-31-de-janeiro\/","title":{"rendered":"Estudantes que n\u00e3o fizeram o Enade podem regularizar situa\u00e7\u00e3o at\u00e9 31 de janeiro"},"content":{"rendered":"<p>Os estudantes inscritos no Exame Nacional de Desempenho de Estudantes (Enade) deste ano que n\u00e3o compareceram \u00e0 prova podem solicitar a dispensa at\u00e9 o dia 31 de janeiro de 2018. Entre os crit\u00e9rios para a libera\u00e7\u00e3o do exame est\u00e3o acidentes, assalto, casamento, luto, acompanhamento de c\u00f4njuge, problemas de sa\u00fade, licen\u00e7a maternidade e paternidade ou exerc\u00edcio de atividade profissional no dia da prova, que foi aplicada em 26 de novembro para 451.517 estudantes.<\/p>\n<p>O pedido de dispensa deve ser feito no Sistema Enade, com login e senha. Os estudantes devem apresentar, por meio eletr\u00f4nico, documento comprobat\u00f3rio digitalizado referente ao impedimento de participa\u00e7\u00e3o no exame.<\/p>\n<p>A an\u00e1lise das solicita\u00e7\u00f5es das dispensas ser\u00e1 feita pelos coordenadores de curso das institui\u00e7\u00f5es de ensino superior. Quem tiver o pedido indeferido poder\u00e1 apresentar recurso ao Instituto Nacional de Estudos e Pesquisas Educacionais An\u00edsio Teixeira (Inep), eletronicamente, de 5 a 23 de fevereiro de 2018, na mesma plataforma.<\/p>\n<p>O Enade \u00e9 componente curricular obrigat\u00f3rio dos cursos de gradua\u00e7\u00e3o e avalia o rendimento dos concluintes dos cursos em rela\u00e7\u00e3o aos conte\u00fados, habilidades e compet\u00eancias adquiridas.<\/p>\n<p>O estudante habilitado para o Enade que faltar \u00e0 aplica\u00e7\u00e3o da prova e n\u00e3o justificar a aus\u00eancia pode ser impedido de receber o diploma.<\/p>\n<p><strong>Cursos avaliados<\/strong><\/p>\n<p>A cada ano, o Enade avalia um grupo diferente de cursos superiores, ciclo que se repete a cada tr\u00eas anos. Em 2017, a prova foi aplicada aos concluintes dos cursos de bacharelado nas \u00e1reas de arquitetura e urbanismo, engenharia ambiental, engenharia civil, engenharia de alimentos, engenharia de computa\u00e7\u00e3o, engenharia de controle e automa\u00e7\u00e3o, engenharia de produ\u00e7\u00e3o, engenharia el\u00e9trica, engenharia florestal, engenharia mec\u00e2nica, engenharia qu\u00edmica, engenharia, sistema de informa\u00e7\u00e3o; de bacharelado ou licenciatura nas \u00e1reas de ci\u00eancia da computa\u00e7\u00e3o, ci\u00eancias biol\u00f3gicas, ci\u00eancias sociais, filosofia, f\u00edsica, geografia, hist\u00f3ria, letras \u2013 portugu\u00eas, matem\u00e1tica e qu\u00edmica.<\/p>\n<p>Tamb\u00e9m foram avaliados este ano os concluintes dos cursos de licenciatura nas \u00e1reas de artes visuais, educa\u00e7\u00e3o f\u00edsica, letras &#8211; portugu\u00eas e espanhol, letras &#8211; portugu\u00eas e ingl\u00eas, letras \u2013 ingl\u00eas, m\u00fasica, pedagogia; e de tecnologia nas \u00e1reas de an\u00e1lise e desenvolvimento de sistemas, gest\u00e3o da produ\u00e7\u00e3o industrial, redes de computadores e gest\u00e3o da tecnologia da informa\u00e7\u00e3o.<\/p>\n<p><strong>CARIRI EM A\u00c7\u00c3O<\/strong><\/p>\n<p>Com EBC \/Foto: Reprodu\u00e7\u00e3o google<\/p>\n<p><strong>Leia mais not\u00edcias em\u00a0<\/strong><a href=\"http:\/\/www.caririemacao.com\/\"><strong>caririemacao.com<\/strong><\/a><strong>, siga nossa p\u00e1gina no\u00a0<\/strong><a href=\"https:\/\/www.facebook.com\/CaririEmAcao\/?ref=aymt_homepage_panel\"><strong>Facebook<\/strong><\/a>,<strong>\u00a0<\/strong><a href=\"https:\/\/www.instagram.com\/cariri_em_acao\/?hl=pt-br\"><strong>Instagram<\/strong><\/a><strong>\u00a0e <\/strong><a href=\"https:\/\/www.youtube.com\/channel\/UCAptA0jQuYQy8vMhLt2m4qg\"><strong>Youtube<\/strong><\/a><strong>\u00a0e veja nossas mat\u00e9rias, v\u00eddeos e fotos. Voc\u00ea tamb\u00e9m pode enviar informa\u00e7\u00f5es \u00e0 Reda\u00e7\u00e3o do Portal Cariri em A\u00e7\u00e3o pelo WhatsApp (83) 9 9634.5791, (83) 9 9601-1162.<\/strong><\/p>\n","protected":false},"excerpt":{"rendered":"<p>Os estudantes inscritos no Exame Nacional de Desempenho de Estudantes (Enade) deste ano que n\u00e3o compareceram \u00e0 prova podem solicitar a dispensa at\u00e9 o dia&hellip; <\/p>\n","protected":false},"author":2,"featured_media":35919,"comment_status":"closed","ping_status":"closed","sticky":false,"template":"","format":"standard","meta":{"sfsi_plus_gutenberg_text_before_share":"","sfsi_plus_gutenberg_show_text_before_share":"","sfsi_plus_gutenberg_icon_type":"","sfsi_plus_gutenberg_icon_alignemt":"","sfsi_plus_gutenburg_max_per_row":"","footnotes":""},"categories":[14],"tags":[],"class_list":["post-35918","post","type-post","status-publish","format-standard","has-post-thumbnail","hentry","category-educacao"],"_links":{"self":[{"href":"https:\/\/www.caririemacao.com\/1\/wp-json\/wp\/v2\/posts\/35918","targetHints":{"allow":["GET"]}}],"collection":[{"href":"https:\/\/www.caririemacao.com\/1\/wp-json\/wp\/v2\/posts"}],"about":[{"href":"https:\/\/www.caririemacao.com\/1\/wp-json\/wp\/v2\/types\/post"}],"author":[{"embeddable":true,"href":"https:\/\/www.caririemacao.com\/1\/wp-json\/wp\/v2\/users\/2"}],"replies":[{"embeddable":true,"href":"https:\/\/www.caririemacao.com\/1\/wp-json\/wp\/v2\/comments?post=35918"}],"version-history":[{"count":0,"href":"https:\/\/www.caririemacao.com\/1\/wp-json\/wp\/v2\/posts\/35918\/revisions"}],"wp:featuredmedia":[{"embeddable":true,"href":"https:\/\/www.caririemacao.com\/1\/wp-json\/wp\/v2\/media\/35919"}],"wp:attachment":[{"href":"https:\/\/www.caririemacao.com\/1\/wp-json\/wp\/v2\/media?parent=35918"}],"wp:term":[{"taxonomy":"category","embeddable":true,"href":"https:\/\/www.caririemacao.com\/1\/wp-json\/wp\/v2\/categories?post=35918"},{"taxonomy":"post_tag","embeddable":true,"href":"https:\/\/www.caririemacao.com\/1\/wp-json\/wp\/v2\/tags?post=35918"}],"curies":[{"name":"wp","href":"https:\/\/api.w.org\/{rel}","templated":true}]}}