{"id":35921,"date":"2017-12-28T06:15:56","date_gmt":"2017-12-28T09:15:56","guid":{"rendered":"http:\/\/caririemacao.com\/1\/?p=35921"},"modified":"2017-12-28T06:15:56","modified_gmt":"2017-12-28T09:15:56","slug":"por-medo-de-injecao-jovem-de-16-anos-nao-tomou-vacina-e-acabou-com-hpv","status":"publish","type":"post","link":"https:\/\/www.caririemacao.com\/1\/2017\/12\/28\/por-medo-de-injecao-jovem-de-16-anos-nao-tomou-vacina-e-acabou-com-hpv\/","title":{"rendered":"Por medo de inje\u00e7\u00e3o, jovem de 16 anos n\u00e3o tomou vacina e acabou com HPV"},"content":{"rendered":"<p>Mesmo sabendo dos riscos do HPV, o medo da inje\u00e7\u00e3o e a falsa sensa\u00e7\u00e3o de que &#8220;nada de ruim poderia acontecer&#8221; fez com que uma paranaense de 16 anos deixasse de tomar a vacina contra o v\u00edrus causador de verruga genital, do c\u00e2ncer de colo de \u00fatero e de outros tipos de tumor. Tr\u00eas anos depois de conscientemente n\u00e3o seguir os conselhos da m\u00e3e para ser imunizada,\u00a0a jovem descobriu que estava infectada.<\/p>\n<p>&#8220;Procurei meu ginecologista por causa de um corrimento anormal. E ele detectou uma verruga genital ao coletar os exames preventivos&#8221;, contou a jovem, que pediu que seu nome n\u00e3o fosse divulgado. &#8220;Quando ele falou que estava com HPV, entrei em choque. N\u00e3o sabia ao certo o que aquilo representava, mas tinha certeza que n\u00e3o era bom&#8221;, lembra ela, que chegou a temer a possibilidade de um c\u00e2ncer.<\/p>\n<p>Por sorte, o tipo de v\u00edrus de sua infec\u00e7\u00e3o era de baixo risco e n\u00e3o causa c\u00e2ncer. Ainda assim a jovem de 16 anos teve de encara a cauteriza\u00e7\u00e3o da verruga e o uso de medicamentos espec\u00edficos, al\u00e9m de receber a vacina para evitar a infec\u00e7\u00e3o por outros subtipos do papiloma v\u00edrus.<\/p>\n<p>O caso da paranaense \u00e9 comum. Segundo um estudo epidemiol\u00f3gico do Minist\u00e9rio da Sa\u00fade,\u00a0mais da metade da popula\u00e7\u00e3o brasileira de 16 a 25 anos tem HPV, sendo que 38,4% dos infectados apresentam alto risco para o desenvolvimento de c\u00e2ncer.<\/p>\n<p>A capital com a maior taxa de preval\u00eancia do v\u00edrus \u00e9 Salvador, com 71,9% da popula\u00e7\u00e3o dessa faixa et\u00e1ria infectada. Em seguida, aparecem Palmas (61,8%), Cuiab\u00e1 (61,5%) e Macap\u00e1 (61,3%).<\/p>\n<p>Na outra ponta da lista, com a menor preval\u00eancia est\u00e1 Recife, com \u00edndice de 41,2%. A cidade de S\u00e3o Paulo tem taxa de 52%, pr\u00f3xima do \u00edndice nacional.<\/p>\n<p><strong>Baixa procura da vacina\u00a0<\/strong><\/p>\n<div class=\"mod-foto-embed w615x300\">\n<div class=\"figure\">Apesar das altas taxas de infec\u00e7\u00e3o, a cobertura da vacina contra o HPV ainda \u00e9 bem baixa. Entre 2014 e 2017, apenas 48,2% das meninas de 9 a 15 anos foram imunizadas. Uma aceita\u00e7\u00e3o ainda menor entre os meninos de 12 a 13 anos, que foram inclu\u00eddos na campanha de vacina\u00e7\u00e3o do SUS este ano. Entre eles, o \u00edndice foi de 28,3%. Cobertura muito inferior \u00e0 meta do Minist\u00e9rio da Sa\u00fade, que era alcan\u00e7ar cerca de 80% do p\u00fablico-alvo da vacina\u00e7\u00e3o.<\/div>\n<\/div>\n<p>Para as doen\u00e7as de vacina\u00e7\u00e3o infantil obrigat\u00f3ria, o Brasil tem uma cobertura de at\u00e9 95%. A vacina de menor cobertura \u00e9 a de tr\u00edplice bacteriana (contra difteria, t\u00e9tano e coqueluche), com 64,73% de aceita\u00e7\u00e3o, seguida da de Hepatite A (71,57%).\u00a0\u00a0<b><\/b><\/p>\n<section class=\"mod-embed-infografico mod-imagem\"><b><img fetchpriority=\"high\" decoding=\"async\" class=\"aligncenter\" title=\"\" src=\"https:\/\/conteudo.imguol.com.br\/c\/noticias\/23\/2017\/12\/05\/cobertura-vacinas-2016-1512508334537_750x611.png\" alt=\"\" width=\"750\" height=\"611\" \/><\/b><\/section>\n<p>Com as sobras da vacina contra HPV e para evitar desperd\u00edcios do estoque que estava prestes a vencer, em agosto deste ano, o\u00a0governo chegou at\u00e9 a ampliar a campanha de vacina\u00e7\u00e3o contra o v\u00edrus para homens e mulheres com at\u00e9 26 anos.<\/p>\n<p>Mas essa baixa ades\u00e3o n\u00e3o \u00e9 uma exclusividade do Brasil. Jap\u00e3o, Irlanda e Dinamarca s\u00e3o alguns dos pa\u00edses mundo afora a testemunharem a queda das taxas de aceita\u00e7\u00e3o da vacina.<\/p>\n<p>Para Edison Natal Fedrizzi, chefe do Centro de Pesquisa Cl\u00ednica &#8220;Projeto HPV&#8221; da UFSC (Universidade Federal de Santa Catarina), h\u00e1 tr\u00eas principais motivos que explicam a rejei\u00e7\u00e3o \u00e0 vacina.<\/p>\n<p>&#8220;O primeiro deles \u00e9 a falta de orienta\u00e7\u00e3o m\u00e9dica a esses jovens, que, nessa fase, acabando n\u00e3o mais sendo acompanhados pelo pediatra nem mesmo por ginecologistas ou urologistas&#8221;, afirma o especialista, que tamb\u00e9m cita os\u00a0boatos contr\u00e1rios \u00e0 imuniza\u00e7\u00e3o\u00a0e a dificuldade que muitos pais tem de levar os filhos para receber a prote\u00e7\u00e3o. &#8220;Voltar a aplicar as vacinas nas escolas \u00e9 uma importante estrat\u00e9gia para reverter esses \u00edndices.&#8221;<\/p>\n<p>O problema maior, como aponta Fedrizzi, est\u00e1 na aplica\u00e7\u00e3o das doses extras da vacina, onde a aceita\u00e7\u00e3o \u00e9 ainda menor. &#8220;H\u00e1 muitas meninas que chegaram a tomar a primeira dose, mas n\u00e3o voltaram para tomar o refor\u00e7o&#8221;, alerta ele, que explica que a vacina contra o v\u00edrus \u00e9 aplicada em duas doses &#8211;para meninos e meninas de 9 a 14 anos&#8211; ou tr\u00eas &#8211;para pessoas acima de 15 anos ou imunossuprimidas\u00a0(com c\u00e2ncer, HIV, entre outras doen\u00e7as).<\/p>\n<p>Para quem tomou apenas uma das doses da vacina, o m\u00e9dico explica que sempre h\u00e1 tempo. &#8220;A vacina\u00e7\u00e3o \u00e9 um processo que s\u00f3 se completa, nunca se reinicia. Ou seja, mesmo que voc\u00ea demore a tomar a segunda dose, n\u00e3o ser\u00e1 preciso repetir a primeira.&#8221;<\/p>\n<p><strong>CARIRI EM A\u00c7\u00c3O<\/strong><\/p>\n<p><em>Com Uol Sa\u00fade\/Foto: Reprodu\u00e7\u00e3o google<\/em><\/p>\n<p><strong>Leia mais not\u00edcias em\u00a0<\/strong><a href=\"http:\/\/www.caririemacao.com\/\"><strong>caririemacao.com<\/strong><\/a><strong>, siga nossa p\u00e1gina no\u00a0<\/strong><a href=\"https:\/\/www.facebook.com\/CaririEmAcao\/?ref=aymt_homepage_panel\"><strong>Facebook<\/strong><\/a>,<strong>\u00a0<\/strong><a href=\"https:\/\/www.instagram.com\/cariri_em_acao\/?hl=pt-br\"><strong>Instagram<\/strong><\/a><strong>\u00a0e <\/strong><a href=\"https:\/\/www.youtube.com\/channel\/UCAptA0jQuYQy8vMhLt2m4qg\"><strong>Youtube<\/strong><\/a><strong>\u00a0e veja nossas mat\u00e9rias, v\u00eddeos e fotos. Voc\u00ea tamb\u00e9m pode enviar informa\u00e7\u00f5es \u00e0 Reda\u00e7\u00e3o do Portal Cariri em A\u00e7\u00e3o pelo WhatsApp (83) 9 9634.5791, (83) 9 9601-1162.<\/strong><\/p>\n","protected":false},"excerpt":{"rendered":"<p>Mesmo sabendo dos riscos do HPV, o medo da inje\u00e7\u00e3o e a falsa sensa\u00e7\u00e3o de que &#8220;nada de ruim poderia acontecer&#8221; fez com que uma&hellip; <\/p>\n","protected":false},"author":2,"featured_media":17331,"comment_status":"closed","ping_status":"closed","sticky":false,"template":"","format":"standard","meta":{"sfsi_plus_gutenberg_text_before_share":"","sfsi_plus_gutenberg_show_text_before_share":"","sfsi_plus_gutenberg_icon_type":"","sfsi_plus_gutenberg_icon_alignemt":"","sfsi_plus_gutenburg_max_per_row":"","footnotes":""},"categories":[16],"tags":[],"class_list":["post-35921","post","type-post","status-publish","format-standard","has-post-thumbnail","hentry","category-saude"],"_links":{"self":[{"href":"https:\/\/www.caririemacao.com\/1\/wp-json\/wp\/v2\/posts\/35921","targetHints":{"allow":["GET"]}}],"collection":[{"href":"https:\/\/www.caririemacao.com\/1\/wp-json\/wp\/v2\/posts"}],"about":[{"href":"https:\/\/www.caririemacao.com\/1\/wp-json\/wp\/v2\/types\/post"}],"author":[{"embeddable":true,"href":"https:\/\/www.caririemacao.com\/1\/wp-json\/wp\/v2\/users\/2"}],"replies":[{"embeddable":true,"href":"https:\/\/www.caririemacao.com\/1\/wp-json\/wp\/v2\/comments?post=35921"}],"version-history":[{"count":0,"href":"https:\/\/www.caririemacao.com\/1\/wp-json\/wp\/v2\/posts\/35921\/revisions"}],"wp:featuredmedia":[{"embeddable":true,"href":"https:\/\/www.caririemacao.com\/1\/wp-json\/wp\/v2\/media\/17331"}],"wp:attachment":[{"href":"https:\/\/www.caririemacao.com\/1\/wp-json\/wp\/v2\/media?parent=35921"}],"wp:term":[{"taxonomy":"category","embeddable":true,"href":"https:\/\/www.caririemacao.com\/1\/wp-json\/wp\/v2\/categories?post=35921"},{"taxonomy":"post_tag","embeddable":true,"href":"https:\/\/www.caririemacao.com\/1\/wp-json\/wp\/v2\/tags?post=35921"}],"curies":[{"name":"wp","href":"https:\/\/api.w.org\/{rel}","templated":true}]}}