{"id":35923,"date":"2017-12-28T06:24:18","date_gmt":"2017-12-28T09:24:18","guid":{"rendered":"http:\/\/caririemacao.com\/1\/?p=35923"},"modified":"2017-12-28T06:24:18","modified_gmt":"2017-12-28T09:24:18","slug":"vitima-da-sociedade-deputada-maria-do-rosario-tem-o-carro-roubado-em-porto-alegre","status":"publish","type":"post","link":"https:\/\/www.caririemacao.com\/1\/2017\/12\/28\/vitima-da-sociedade-deputada-maria-do-rosario-tem-o-carro-roubado-em-porto-alegre\/","title":{"rendered":"V\u00cdTIMA DA SOCIEDADE: Deputada Maria do Ros\u00e1rio tem o carro roubado em Porto Alegre"},"content":{"rendered":"<p>A deputada federal\u00a0Maria do Ros\u00e1rio\u00a0(PT-RS) foi v\u00edtima de um\u00a0assalto\u00a0na noite desta quarta-feira, 27, em frente \u00e0 casa onde mora, na zona norte de\u00a0Porto Alegre, e teve o carro roubado.<\/p>\n<p>Segundo a Brigada Militar (BM), o crime ocorreu por volta das 19 horas no bairro Ch\u00e1cara das Pedras. A deputada estava acompanhada do marido, Eliezer Pacheco, quando tr\u00eas criminosos se aproximaram e roubaram o carro dela. Ningu\u00e9m ficou ferido.<\/p>\n<p>A BM fez buscas pela regi\u00e3o, mas at\u00e9 a madrugada desta quinta-feira, 28, ningu\u00e9m havia sido preso. A investiga\u00e7\u00e3o do caso ficar\u00e1 por conta da\u00a0Pol\u00edcia Civil.<\/p>\n<p><strong>CARIRI EM A\u00c7\u00c3O<\/strong><\/p>\n<p><em>Com Estad\u00e3o \/Foto: Reprodu\u00e7\u00e3o google<\/em><\/p>\n<p><strong>Leia mais not\u00edcias em\u00a0<\/strong><a href=\"http:\/\/www.caririemacao.com\/\"><strong>caririemacao.com<\/strong><\/a><strong>, siga nossa p\u00e1gina no\u00a0<\/strong><a href=\"https:\/\/www.facebook.com\/CaririEmAcao\/?ref=aymt_homepage_panel\"><strong>Facebook<\/strong><\/a>,<strong>\u00a0<\/strong><a href=\"https:\/\/www.instagram.com\/cariri_em_acao\/?hl=pt-br\"><strong>Instagram<\/strong><\/a><strong>\u00a0e <\/strong><a href=\"https:\/\/www.youtube.com\/channel\/UCAptA0jQuYQy8vMhLt2m4qg\"><strong>Youtube<\/strong><\/a><strong>\u00a0e veja nossas mat\u00e9rias, v\u00eddeos e fotos. Voc\u00ea tamb\u00e9m pode enviar informa\u00e7\u00f5es \u00e0 Reda\u00e7\u00e3o do Portal Cariri em A\u00e7\u00e3o pelo WhatsApp (83) 9 9634.5791, (83) 9 9601-1162.<\/strong><\/p>\n","protected":false},"excerpt":{"rendered":"<p>A deputada federal\u00a0Maria do Ros\u00e1rio\u00a0(PT-RS) foi v\u00edtima de um\u00a0assalto\u00a0na noite desta quarta-feira, 27, em frente \u00e0 casa onde mora, na zona norte de\u00a0Porto Alegre, e&hellip; <\/p>\n","protected":false},"author":2,"featured_media":35924,"comment_status":"closed","ping_status":"closed","sticky":false,"template":"","format":"standard","meta":{"sfsi_plus_gutenberg_text_before_share":"","sfsi_plus_gutenberg_show_text_before_share":"","sfsi_plus_gutenberg_icon_type":"","sfsi_plus_gutenberg_icon_alignemt":"","sfsi_plus_gutenburg_max_per_row":"","footnotes":""},"categories":[12],"tags":[],"class_list":["post-35923","post","type-post","status-publish","format-standard","has-post-thumbnail","hentry","category-policia"],"_links":{"self":[{"href":"https:\/\/www.caririemacao.com\/1\/wp-json\/wp\/v2\/posts\/35923","targetHints":{"allow":["GET"]}}],"collection":[{"href":"https:\/\/www.caririemacao.com\/1\/wp-json\/wp\/v2\/posts"}],"about":[{"href":"https:\/\/www.caririemacao.com\/1\/wp-json\/wp\/v2\/types\/post"}],"author":[{"embeddable":true,"href":"https:\/\/www.caririemacao.com\/1\/wp-json\/wp\/v2\/users\/2"}],"replies":[{"embeddable":true,"href":"https:\/\/www.caririemacao.com\/1\/wp-json\/wp\/v2\/comments?post=35923"}],"version-history":[{"count":0,"href":"https:\/\/www.caririemacao.com\/1\/wp-json\/wp\/v2\/posts\/35923\/revisions"}],"wp:featuredmedia":[{"embeddable":true,"href":"https:\/\/www.caririemacao.com\/1\/wp-json\/wp\/v2\/media\/35924"}],"wp:attachment":[{"href":"https:\/\/www.caririemacao.com\/1\/wp-json\/wp\/v2\/media?parent=35923"}],"wp:term":[{"taxonomy":"category","embeddable":true,"href":"https:\/\/www.caririemacao.com\/1\/wp-json\/wp\/v2\/categories?post=35923"},{"taxonomy":"post_tag","embeddable":true,"href":"https:\/\/www.caririemacao.com\/1\/wp-json\/wp\/v2\/tags?post=35923"}],"curies":[{"name":"wp","href":"https:\/\/api.w.org\/{rel}","templated":true}]}}