{"id":35926,"date":"2017-12-28T06:27:41","date_gmt":"2017-12-28T09:27:41","guid":{"rendered":"http:\/\/caririemacao.com\/1\/?p=35926"},"modified":"2017-12-28T06:27:41","modified_gmt":"2017-12-28T09:27:41","slug":"na-paraiba-antonio-pezao-faz-campanha-para-ajudar-bebe-que-perdeu-mae","status":"publish","type":"post","link":"https:\/\/www.caririemacao.com\/1\/2017\/12\/28\/na-paraiba-antonio-pezao-faz-campanha-para-ajudar-bebe-que-perdeu-mae\/","title":{"rendered":"Na Para\u00edba, Ant\u00f4nio Pez\u00e3o faz campanha para ajudar beb\u00ea que perdeu m\u00e3e"},"content":{"rendered":"<div class=\"mc-column\">\n<div class=\"content-publication-data\">\n<p class=\"content-publication-data__updated\">O lutador de MMA, Ant\u00f4nio Pez\u00e3o, mostrou que tem o cora\u00e7\u00e3o grande. O paraibano se engajou e divulgou em suas redes sociais uma campanha para arrecadar recursos para um bebezinho chamado Rafael, que tem dois meses e perdeu a m\u00e3e ainda no parto. A fam\u00edlia de Rafael passa por dificuldades financeiras e alguns amigos, incluindo o lutador, resolveram fazer uma campanha para ajud\u00e1-los. At\u00e9 o momento, j\u00e1 foram arrecadado mais de R$4 mil, mas a inten\u00e7\u00e3o dos organizadores \u00e9 juntar R$10 mil.<\/p>\n<\/div>\n<\/div>\n<div class=\"mc-article-body\">\n<article>\n<div class=\"mc-column content-text active-extra-styles \" data-block-type=\"unstyled\" data-block-weight=\"64\" data-block-id=\"2\">\n<p class=\"content-text__container \" data-track-category=\"Link no Texto\" data-track-links=\"\">A hist\u00f3ria de Rafael \u00e9 triste. Sua m\u00e3e morreu ainda no parto e seu pai est\u00e1 desempregado. Al\u00e9m de arrecadar dinheiro para ajudar a crian\u00e7a, os organizadores da campanha tamb\u00e9m est\u00e3o tentando conseguir um trabalho para o pai de Rafael e seu tio. A fam\u00edlia mora no bairro da Candel\u00e1ria, em Natal-RN, e sobrevive apenas com a renda da aposentadoria da av\u00f3 do beb\u00ea.<\/p>\n<\/div>\n<div class=\"mc-column content-text active-extra-styles \" data-block-type=\"unstyled\" data-block-weight=\"46\" data-block-id=\"3\">\n<p class=\"content-text__container \" data-track-category=\"Link no Texto\" data-track-links=\"\">Pez\u00e3o entrou nessa hist\u00f3ria atrav\u00e9s do advogado Edson Gutemberg, amigo pessoal do lutador. Edson \u00e9 um dos organizadores da campanha e pediu para que o lutador divulgasse a a\u00e7\u00e3o em suas redes sociais. S\u00f3 em um dos seus perfis, o paraibano tem mais 140 mil seguidores.<\/p>\n<\/div>\n<div class=\"mc-column content-text active-extra-styles \" data-block-type=\"unstyled\" data-block-weight=\"75\" data-block-id=\"4\">\n<p class=\"content-text__container \" data-track-category=\"Link no Texto\" data-track-links=\"\">&#8211; Estamos fazendo esta campanha agora. O Rafael, pai do menino, perdeu a esposa no parto e cria a crian\u00e7a sozinho. A crian\u00e7a nunca tomou leite materno e precisa de ajuda. Acho que de pouquinho em pouquinho, cada um ajudando com o pouquinho que seja, o que a gente juntar para aquela fam\u00edlia vai ser muito. Ent\u00e3o acho que \u00e9 muito importante as pessoas terem esse gesto de ajudar na campanha &#8211; declara o lutador.<\/p>\n<\/div>\n<div class=\"mc-column content-text active-extra-styles \" data-block-type=\"unstyled\" data-block-weight=\"35\" data-block-id=\"5\">\n<p class=\"content-text__container \" data-track-category=\"Link no Texto\" data-track-links=\"\">O lutador est\u00e1 em Campina Grande, na casa de familiares, se recuperando de uma cirurgia que ele fez no joelho. O lutador est\u00e1 fazendo um trabalho de fisioterapia e tamb\u00e9m de refor\u00e7o muscular na academia.<\/p>\n<\/div>\n<div class=\"mc-column content-text active-extra-styles \" data-block-type=\"unstyled\" data-block-weight=\"35\" data-block-id=\"8\">\n<p class=\"content-text__container \" data-track-category=\"Link no Texto\" data-track-links=\"\">O advogado Edson Gutemberg soube da hist\u00f3ria em uma missa natalina e organizou os amigos para tentar ajudar a fam\u00edlia de Rafael. Para ele, o engajamento de Pez\u00e3o \u00e9 de extrema import\u00e2ncia para a campanha.<\/p>\n<\/div>\n<div class=\"mc-column content-text active-extra-styles \" data-block-type=\"unstyled\" data-block-weight=\"54\" data-block-id=\"9\">\n<p class=\"content-text__container \" data-track-category=\"Link no Texto\" data-track-links=\"\">&#8211; Pez\u00e3o est\u00e1 sendo um dos pilares da campanha. A participa\u00e7\u00e3o dele surgiu de um grupo de WhatsApp e vem tomando essa propor\u00e7\u00e3o. Ele \u00e9 parte fundamental. Vamos tentar arrecadar R$10 mil at\u00e9 a sexta-feira e reverter a renda em mantimentos para a fam\u00edlia. Fora que tamb\u00e9m estamos conseguindo doa\u00e7\u00f5es &#8211; afirma o idealizador.<\/p>\n<\/div>\n<div data-track-category=\"fim do conteudo\" data-track-action=\"ultimo chunk conteudo\" data-track-noninteraction=\"false\" data-track-scroll=\"entrada completa viewport\">\n<div class=\"mc-column content-text active-extra-styles \" data-block-type=\"unstyled\" data-block-weight=\"48\" data-block-id=\"10\">\n<p class=\"content-text__container \" data-track-category=\"Link no Texto\" data-track-links=\"\">A campanha tamb\u00e9m recebeu a ades\u00e3o do cantor paraibano Luan Estilizado. Quem quiser participar e doar basta fazer um dep\u00f3sito na conta poupan\u00e7a no Banco do Brasil, ag\u00eancia 8637-1, conta de n\u00famero 24198-9, em nome do idealizador da campanha Edson Gutemberg de Sousa Filho, portador do CPF 585.095.694-87.<\/p>\n<p><strong>CARIRI EM A\u00c7\u00c3O<\/strong><\/p>\n<p><em>Com G1 \/Foto: Reprodu\u00e7\u00e3o google<\/em><\/p>\n<p><strong>Leia mais not\u00edcias em\u00a0<\/strong><a href=\"http:\/\/www.caririemacao.com\/\"><strong>caririemacao.com<\/strong><\/a><strong>, siga nossa p\u00e1gina no\u00a0<\/strong><a href=\"https:\/\/www.facebook.com\/CaririEmAcao\/?ref=aymt_homepage_panel\"><strong>Facebook<\/strong><\/a>,<strong>\u00a0<\/strong><a href=\"https:\/\/www.instagram.com\/cariri_em_acao\/?hl=pt-br\"><strong>Instagram<\/strong><\/a><strong>\u00a0e <\/strong><a href=\"https:\/\/www.youtube.com\/channel\/UCAptA0jQuYQy8vMhLt2m4qg\"><strong>Youtube<\/strong><\/a><strong>\u00a0e veja nossas mat\u00e9rias, v\u00eddeos e fotos. Voc\u00ea tamb\u00e9m pode enviar informa\u00e7\u00f5es \u00e0 Reda\u00e7\u00e3o do Portal Cariri em A\u00e7\u00e3o pelo WhatsApp (83) 9 9634.5791, (83) 9 9601-1162.<\/strong><\/p>\n<\/div>\n<\/div>\n<\/article>\n<\/div>\n","protected":false},"excerpt":{"rendered":"<p>O lutador de MMA, Ant\u00f4nio Pez\u00e3o, mostrou que tem o cora\u00e7\u00e3o grande. O paraibano se engajou e divulgou em suas redes sociais uma campanha para&hellip; <\/p>\n","protected":false},"author":2,"featured_media":35927,"comment_status":"closed","ping_status":"closed","sticky":false,"template":"","format":"standard","meta":{"sfsi_plus_gutenberg_text_before_share":"","sfsi_plus_gutenberg_show_text_before_share":"","sfsi_plus_gutenberg_icon_type":"","sfsi_plus_gutenberg_icon_alignemt":"","sfsi_plus_gutenburg_max_per_row":"","footnotes":""},"categories":[13],"tags":[],"class_list":["post-35926","post","type-post","status-publish","format-standard","has-post-thumbnail","hentry","category-esportes"],"_links":{"self":[{"href":"https:\/\/www.caririemacao.com\/1\/wp-json\/wp\/v2\/posts\/35926","targetHints":{"allow":["GET"]}}],"collection":[{"href":"https:\/\/www.caririemacao.com\/1\/wp-json\/wp\/v2\/posts"}],"about":[{"href":"https:\/\/www.caririemacao.com\/1\/wp-json\/wp\/v2\/types\/post"}],"author":[{"embeddable":true,"href":"https:\/\/www.caririemacao.com\/1\/wp-json\/wp\/v2\/users\/2"}],"replies":[{"embeddable":true,"href":"https:\/\/www.caririemacao.com\/1\/wp-json\/wp\/v2\/comments?post=35926"}],"version-history":[{"count":0,"href":"https:\/\/www.caririemacao.com\/1\/wp-json\/wp\/v2\/posts\/35926\/revisions"}],"wp:featuredmedia":[{"embeddable":true,"href":"https:\/\/www.caririemacao.com\/1\/wp-json\/wp\/v2\/media\/35927"}],"wp:attachment":[{"href":"https:\/\/www.caririemacao.com\/1\/wp-json\/wp\/v2\/media?parent=35926"}],"wp:term":[{"taxonomy":"category","embeddable":true,"href":"https:\/\/www.caririemacao.com\/1\/wp-json\/wp\/v2\/categories?post=35926"},{"taxonomy":"post_tag","embeddable":true,"href":"https:\/\/www.caririemacao.com\/1\/wp-json\/wp\/v2\/tags?post=35926"}],"curies":[{"name":"wp","href":"https:\/\/api.w.org\/{rel}","templated":true}]}}