{"id":35930,"date":"2017-12-28T06:33:03","date_gmt":"2017-12-28T09:33:03","guid":{"rendered":"http:\/\/caririemacao.com\/1\/?p=35930"},"modified":"2017-12-28T06:33:03","modified_gmt":"2017-12-28T09:33:03","slug":"apos-a-chegada-de-jean-renan-ribeiro-deixa-o-sao-paulo","status":"publish","type":"post","link":"https:\/\/www.caririemacao.com\/1\/2017\/12\/28\/apos-a-chegada-de-jean-renan-ribeiro-deixa-o-sao-paulo\/","title":{"rendered":"Ap\u00f3s a chegada de Jean, Renan Ribeiro deixa o S\u00e3o Paulo"},"content":{"rendered":"<p class=\"selectionShareable\">Semana passada\u00a0Jean foi anunciado como novo refor\u00e7o\u00a0para o gol do S\u00e3o Paulo. Na noite dessa quarta-feira, foi a vez de um novo an\u00fancio, mas dessa vez de uma\u00a0despedida antecipada\u00a0pela\u00a0Gazeta Esportiva. Renan Ribeiro usou sua conta na rede social Instagram para confirmar seu adeus do Tricolor Paulista. Ainda sem clube, o goleiro deve se transferir para o exterior.<\/p>\n<p class=\"selectionShareable\">\u201cEncerro hoje minha passagem pelo S\u00e3o Paulo Futebol Clube. Em comum acordo, acertamos minha rescis\u00e3o de contrato. Ap\u00f3s pouco mais de 4 anos, deixo esse clube que abriu as portas para mim e me fez crescer como homem e como profissional. Agrade\u00e7o o carinho da torcida tricolor, dos funcion\u00e1rios, companheiros e todos que convivi neste per\u00edodo. Obrigado, de cora\u00e7\u00e3o\u201d, postou o jogador.<\/p>\n<p class=\"selectionShareable\">Renan Ribeiro tem 27 anos e chegou ao S\u00e3o Paulo em 2013. Depois de esperar tr\u00eas anos para estrear, a temporada 2017 ficou marcada como a melhor do atleta. Foram 30 jogos esse ano, mas a chegada de Dorival J\u00fanior acabou culminando no retorno de Sid\u00e3o \u00e0 meta tricolor.<\/p>\n<p class=\"selectionShareable\">O contrato de Renan Ribeiro com o S\u00e3o Paulo iria at\u00e9 28 de maio, mas, com a decis\u00e3o em comum acordo para uma rescis\u00e3o, afinal Renan n\u00e3o quer passar novas temporadas tendo poucas oportunidades, o jogador poder\u00e1 procurar um novo clube sem maiores problemas burocr\u00e1ticos.<\/p>\n<p><strong>CARIRI EM A\u00c7\u00c3O<\/strong><\/p>\n<p><em>Com Gazeta Esportiva\/Foto: Reprodu\u00e7\u00e3o google<\/em><\/p>\n<p><strong>Leia mais not\u00edcias em\u00a0<\/strong><a href=\"http:\/\/www.caririemacao.com\/\"><strong>caririemacao.com<\/strong><\/a><strong>, siga nossa p\u00e1gina no\u00a0<\/strong><a href=\"https:\/\/www.facebook.com\/CaririEmAcao\/?ref=aymt_homepage_panel\"><strong>Facebook<\/strong><\/a>,<strong>\u00a0<\/strong><a href=\"https:\/\/www.instagram.com\/cariri_em_acao\/?hl=pt-br\"><strong>Instagram<\/strong><\/a><strong>\u00a0e <\/strong><a href=\"https:\/\/www.youtube.com\/channel\/UCAptA0jQuYQy8vMhLt2m4qg\"><strong>Youtube<\/strong><\/a><strong>\u00a0e veja nossas mat\u00e9rias, v\u00eddeos e fotos. Voc\u00ea tamb\u00e9m pode enviar informa\u00e7\u00f5es \u00e0 Reda\u00e7\u00e3o do Portal Cariri em A\u00e7\u00e3o pelo WhatsApp (83) 9 9634.5791, (83) 9 9601-1162.<\/strong><\/p>\n","protected":false},"excerpt":{"rendered":"<p>Semana passada\u00a0Jean foi anunciado como novo refor\u00e7o\u00a0para o gol do S\u00e3o Paulo. Na noite dessa quarta-feira, foi a vez de um novo an\u00fancio, mas dessa&hellip; <\/p>\n","protected":false},"author":2,"featured_media":35933,"comment_status":"closed","ping_status":"closed","sticky":false,"template":"","format":"standard","meta":{"sfsi_plus_gutenberg_text_before_share":"","sfsi_plus_gutenberg_show_text_before_share":"","sfsi_plus_gutenberg_icon_type":"","sfsi_plus_gutenberg_icon_alignemt":"","sfsi_plus_gutenburg_max_per_row":"","footnotes":""},"categories":[13],"tags":[],"class_list":["post-35930","post","type-post","status-publish","format-standard","has-post-thumbnail","hentry","category-esportes"],"_links":{"self":[{"href":"https:\/\/www.caririemacao.com\/1\/wp-json\/wp\/v2\/posts\/35930","targetHints":{"allow":["GET"]}}],"collection":[{"href":"https:\/\/www.caririemacao.com\/1\/wp-json\/wp\/v2\/posts"}],"about":[{"href":"https:\/\/www.caririemacao.com\/1\/wp-json\/wp\/v2\/types\/post"}],"author":[{"embeddable":true,"href":"https:\/\/www.caririemacao.com\/1\/wp-json\/wp\/v2\/users\/2"}],"replies":[{"embeddable":true,"href":"https:\/\/www.caririemacao.com\/1\/wp-json\/wp\/v2\/comments?post=35930"}],"version-history":[{"count":0,"href":"https:\/\/www.caririemacao.com\/1\/wp-json\/wp\/v2\/posts\/35930\/revisions"}],"wp:featuredmedia":[{"embeddable":true,"href":"https:\/\/www.caririemacao.com\/1\/wp-json\/wp\/v2\/media\/35933"}],"wp:attachment":[{"href":"https:\/\/www.caririemacao.com\/1\/wp-json\/wp\/v2\/media?parent=35930"}],"wp:term":[{"taxonomy":"category","embeddable":true,"href":"https:\/\/www.caririemacao.com\/1\/wp-json\/wp\/v2\/categories?post=35930"},{"taxonomy":"post_tag","embeddable":true,"href":"https:\/\/www.caririemacao.com\/1\/wp-json\/wp\/v2\/tags?post=35930"}],"curies":[{"name":"wp","href":"https:\/\/api.w.org\/{rel}","templated":true}]}}