{"id":35944,"date":"2017-12-28T15:11:23","date_gmt":"2017-12-28T18:11:23","guid":{"rendered":"http:\/\/caririemacao.com\/1\/?p=35944"},"modified":"2017-12-28T15:12:49","modified_gmt":"2017-12-28T18:12:49","slug":"prefeito-eden-inaugura-nova-sede-do-conselho-tutelar-de-sume","status":"publish","type":"post","link":"https:\/\/www.caririemacao.com\/1\/2017\/12\/28\/prefeito-eden-inaugura-nova-sede-do-conselho-tutelar-de-sume\/","title":{"rendered":"Prefeito \u00c9den inaugura nova sede do Conselho Tutelar de Sum\u00e9"},"content":{"rendered":"<p>O prefeito \u00c9den Duarte encerra o ano entregando mais uma obra para o munic\u00edpio de Sum\u00e9.<\/p>\n<p>A administra\u00e7\u00e3o municipal que busca constantemente estruturar e fortalecer a rede de prote\u00e7\u00e3o e atendimento \u00e0 crian\u00e7a e ao adolescente e \u00e0 assist\u00eancia social entregou nesta quinta-feira (28\/12) uma nova sede para funcionamento do Conselho Tutelar.<\/p>\n<p>Com recursos pr\u00f3prios, a Prefeitura reformou o antigo pr\u00e9dio do PreviCidade, na Rua Manoel Severo e o entregou para funcionamento do Conselho.<\/p>\n<p>Estiveram presentes \u00e0 solenidade o prefeito \u00c9den Duarte, o vice-prefeito, Dr\u00f3, os secret\u00e1rios Tanniery L\u00eala, Alessandra Regina, Josinaldo Viana, Miguel Rob\u00e9rio, Odilon Ara\u00fajo, os vereadores Bomba, Daniel L\u00eala, Br\u00edgida Xavier, os conselheiros tutelares e membros do Conselho Municipal (CMDCA).<\/p>\n<p>O prefeito \u00c9den agradeceu o trabalho realizado pela equipe da Assist\u00eancia Social e da Secretaria de Obras para que o pr\u00e9dio fosse entregue em tempo h\u00e1bil.<\/p>\n<p>Na ocasi\u00e3o \u00c9den anunciou que em breve o munic\u00edpio de Sum\u00e9 estar\u00e1 inaugurando tamb\u00e9m um projeto em parceria com o Governo do Estado, de uma casa de acolhimento para crian\u00e7as e adolescentes em situa\u00e7\u00e3o de vulnerabilidade familiar, a exemplo de abandono.<\/p>\n<p>De acordo com o prefeito, esta ser\u00e1 mais uma a\u00e7\u00e3o que o munic\u00edpio ter\u00e1 de fortalecimento da rede de prote\u00e7\u00e3o em defesa das crian\u00e7as e adolescentes.<\/p>\n<p>Ele tamb\u00e9m informou que o munic\u00edpio estar\u00e1 recebendo um defensor p\u00fablico e um promotor titular, uma conquista alcan\u00e7ada tamb\u00e9m gra\u00e7as \u00e0 luta que o Poder Executivo Municipal vinha defendendo para que estes membros do Poder Judici\u00e1rio fossem designados em definitivo para a Comarca de Sum\u00e9.<\/p>\n<p><strong>Veja fotos:<\/strong><\/p>\n<p><div class=\"ose- ose-uid-424ef2bc20dcc26360fdd1320fe3fe27 ose-embedpress-responsive\" style=\"width:600px; height:550px; max-height:550px; max-width:100%; display:inline-block;\" data-embed-type=\"Facebook\"><iframe allowFullScreen=\"true\" class=\"embera-facebook-iframe-1997d lazyload\" data-src=\"https:\/\/www.facebook.com\/plugins\/post.php?href=https%3A%2F%2Fwww.facebook.com%2Fmedia%2Fset%2F%3Fset%3Da.1154021174733904.1073742645.302749469861083%26%23038%3Btype%3D1%26%23038%3Bl%3De4ac42554b&width=600&height=550&show_text=true\" width=\"600\" height=\"550\" style=\"border:none;overflow:hidden\" scrolling=\"no\" frameborder=\"0\" allowTransparency=\"true\" src=\"data:image\/svg+xml;base64,PHN2ZyB3aWR0aD0iMSIgaGVpZ2h0PSIxIiB4bWxucz0iaHR0cDovL3d3dy53My5vcmcvMjAwMC9zdmciPjwvc3ZnPg==\" data-load-mode=\"1\"><\/iframe><\/div><\/p>\n<p><strong>CARIRI EM A\u00c7\u00c3O<\/strong><\/p>\n<p><em>Com Ascom\/Foto: Cariri em A\u00e7\u00e3o\u00a0<\/em><\/p>\n<p><strong>Leia mais not\u00edcias em\u00a0<\/strong><a href=\"http:\/\/www.caririemacao.com\/\"><strong>caririemacao.com<\/strong><\/a><strong>, siga nossa p\u00e1gina no\u00a0<\/strong><a href=\"https:\/\/www.facebook.com\/CaririEmAcao\/?ref=aymt_homepage_panel\"><strong>Facebook<\/strong><\/a>,<strong>\u00a0<\/strong><a href=\"https:\/\/www.instagram.com\/cariri_em_acao\/?hl=pt-br\"><strong>Instagram<\/strong><\/a><strong>\u00a0e <\/strong><a href=\"https:\/\/www.youtube.com\/channel\/UCAptA0jQuYQy8vMhLt2m4qg\"><strong>Youtube<\/strong><\/a><strong>\u00a0e veja nossas mat\u00e9rias, v\u00eddeos e fotos. Voc\u00ea tamb\u00e9m pode enviar informa\u00e7\u00f5es \u00e0 Reda\u00e7\u00e3o do Portal Cariri em A\u00e7\u00e3o pelo WhatsApp (83) 9 9634.5791, (83) 9 9601-1162.<\/strong><\/p>\n","protected":false},"excerpt":{"rendered":"<p>O prefeito \u00c9den Duarte encerra o ano entregando mais uma obra para o munic\u00edpio de Sum\u00e9. A administra\u00e7\u00e3o municipal que busca constantemente estruturar e fortalecer&hellip; <\/p>\n","protected":false},"author":2,"featured_media":35945,"comment_status":"closed","ping_status":"closed","sticky":false,"template":"","format":"standard","meta":{"sfsi_plus_gutenberg_text_before_share":"","sfsi_plus_gutenberg_show_text_before_share":"","sfsi_plus_gutenberg_icon_type":"","sfsi_plus_gutenberg_icon_alignemt":"","sfsi_plus_gutenburg_max_per_row":"","footnotes":""},"categories":[6],"tags":[],"class_list":["post-35944","post","type-post","status-publish","format-standard","has-post-thumbnail","hentry","category-cidades"],"_links":{"self":[{"href":"https:\/\/www.caririemacao.com\/1\/wp-json\/wp\/v2\/posts\/35944","targetHints":{"allow":["GET"]}}],"collection":[{"href":"https:\/\/www.caririemacao.com\/1\/wp-json\/wp\/v2\/posts"}],"about":[{"href":"https:\/\/www.caririemacao.com\/1\/wp-json\/wp\/v2\/types\/post"}],"author":[{"embeddable":true,"href":"https:\/\/www.caririemacao.com\/1\/wp-json\/wp\/v2\/users\/2"}],"replies":[{"embeddable":true,"href":"https:\/\/www.caririemacao.com\/1\/wp-json\/wp\/v2\/comments?post=35944"}],"version-history":[{"count":0,"href":"https:\/\/www.caririemacao.com\/1\/wp-json\/wp\/v2\/posts\/35944\/revisions"}],"wp:featuredmedia":[{"embeddable":true,"href":"https:\/\/www.caririemacao.com\/1\/wp-json\/wp\/v2\/media\/35945"}],"wp:attachment":[{"href":"https:\/\/www.caririemacao.com\/1\/wp-json\/wp\/v2\/media?parent=35944"}],"wp:term":[{"taxonomy":"category","embeddable":true,"href":"https:\/\/www.caririemacao.com\/1\/wp-json\/wp\/v2\/categories?post=35944"},{"taxonomy":"post_tag","embeddable":true,"href":"https:\/\/www.caririemacao.com\/1\/wp-json\/wp\/v2\/tags?post=35944"}],"curies":[{"name":"wp","href":"https:\/\/api.w.org\/{rel}","templated":true}]}}