{"id":35958,"date":"2017-12-28T15:52:44","date_gmt":"2017-12-28T18:52:44","guid":{"rendered":"http:\/\/caririemacao.com\/1\/?p=35958"},"modified":"2017-12-28T15:53:23","modified_gmt":"2017-12-28T18:53:23","slug":"exclusivo-carro-e-encontrado-queimado-no-cariri","status":"publish","type":"post","link":"https:\/\/www.caririemacao.com\/1\/2017\/12\/28\/exclusivo-carro-e-encontrado-queimado-no-cariri\/","title":{"rendered":"Exclusivo: Carro \u00e9 encontrado queimado no Cariri"},"content":{"rendered":"<p>Foi encontrado no final da manh\u00e3 desta quinta-feira (28) um ve\u00edculo totalmente queimado, na zona rural do munic\u00edpio de Assun\u00e7\u00e3o, na regi\u00e3o do Cariri Paraibano. O ve\u00edculo foi encontrado no s\u00edtio Riacho de Ju\u00e1, pr\u00f3ximo a Fazenda Santo Ant\u00f4nio.<\/p>\n<p>O ve\u00edculo \u00e9 um carro modelo Chevrolet Spin, placa: QFT9157, Campina Grande, de cor prata e \u00e9 de propriedade de Nara Silva, o ve\u00edculo consta como roubado.<\/p>\n<p><a href=\"http:\/\/caririemacao.com\/1\/wp-content\/uploads\/2017\/12\/bc4ad9c6-e311-4420-be56-c70766139c3c-2.jpg\"><img fetchpriority=\"high\" decoding=\"async\" class=\"aligncenter wp-image-35959 size-full\" src=\"http:\/\/caririemacao.com\/1\/wp-content\/uploads\/2017\/12\/bc4ad9c6-e311-4420-be56-c70766139c3c-2.jpg\" alt=\"\" width=\"716\" height=\"855\" srcset=\"https:\/\/www.caririemacao.com\/1\/wp-content\/uploads\/2017\/12\/bc4ad9c6-e311-4420-be56-c70766139c3c-2.jpg 716w, https:\/\/www.caririemacao.com\/1\/wp-content\/uploads\/2017\/12\/bc4ad9c6-e311-4420-be56-c70766139c3c-2-251x300.jpg 251w\" sizes=\"(max-width: 716px) 100vw, 716px\" \/><\/a><\/p>\n<p>Ainda segundo informa\u00e7\u00f5es ainda n\u00e3o confirmadas carro Spin pode ter sido usado durante o assalto por explos\u00e3o \u00e0 ag\u00eancia dos Correios de Parari tamb\u00e9m no Cariri. <strong>CARIRI EM A\u00c7\u00c3O<\/strong><\/p>\n<p><em>Com Cariri em A\u00e7\u00e3o\/ Foto:<\/em> <em>Patr\u00edcio Silva <\/em><\/p>\n<p><strong>Leia mais not\u00edcias em\u00a0<\/strong><a href=\"http:\/\/www.caririemacao.com\/\"><strong>caririemacao.com<\/strong><\/a><strong>, siga nossa p\u00e1gina no\u00a0<\/strong><a href=\"https:\/\/www.facebook.com\/CaririEmAcao\/?ref=aymt_homepage_panel\"><strong>Facebook<\/strong><\/a>,<strong>\u00a0<\/strong><a href=\"https:\/\/www.instagram.com\/cariri_em_acao\/?hl=pt-br\"><strong>Instagram<\/strong><\/a><strong>\u00a0e <\/strong><a href=\"https:\/\/www.youtube.com\/channel\/UCAptA0jQuYQy8vMhLt2m4qg\"><strong>Youtube<\/strong><\/a><strong>\u00a0e veja nossas mat\u00e9rias, v\u00eddeos e fotos. Voc\u00ea tamb\u00e9m pode enviar informa\u00e7\u00f5es \u00e0 Reda\u00e7\u00e3o do Portal Cariri em A\u00e7\u00e3o pelo WhatsApp (83) 9 9634.5791, (83) 9 9601-1162.<\/strong><\/p>\n","protected":false},"excerpt":{"rendered":"<p>Foi encontrado no final da manh\u00e3 desta quinta-feira (28) um ve\u00edculo totalmente queimado, na zona rural do munic\u00edpio de Assun\u00e7\u00e3o, na regi\u00e3o do Cariri Paraibano.&hellip; <\/p>\n","protected":false},"author":2,"featured_media":35953,"comment_status":"closed","ping_status":"closed","sticky":false,"template":"","format":"standard","meta":{"sfsi_plus_gutenberg_text_before_share":"","sfsi_plus_gutenberg_show_text_before_share":"","sfsi_plus_gutenberg_icon_type":"","sfsi_plus_gutenberg_icon_alignemt":"","sfsi_plus_gutenburg_max_per_row":"","footnotes":""},"categories":[12],"tags":[],"class_list":["post-35958","post","type-post","status-publish","format-standard","has-post-thumbnail","hentry","category-policia"],"_links":{"self":[{"href":"https:\/\/www.caririemacao.com\/1\/wp-json\/wp\/v2\/posts\/35958","targetHints":{"allow":["GET"]}}],"collection":[{"href":"https:\/\/www.caririemacao.com\/1\/wp-json\/wp\/v2\/posts"}],"about":[{"href":"https:\/\/www.caririemacao.com\/1\/wp-json\/wp\/v2\/types\/post"}],"author":[{"embeddable":true,"href":"https:\/\/www.caririemacao.com\/1\/wp-json\/wp\/v2\/users\/2"}],"replies":[{"embeddable":true,"href":"https:\/\/www.caririemacao.com\/1\/wp-json\/wp\/v2\/comments?post=35958"}],"version-history":[{"count":0,"href":"https:\/\/www.caririemacao.com\/1\/wp-json\/wp\/v2\/posts\/35958\/revisions"}],"wp:featuredmedia":[{"embeddable":true,"href":"https:\/\/www.caririemacao.com\/1\/wp-json\/wp\/v2\/media\/35953"}],"wp:attachment":[{"href":"https:\/\/www.caririemacao.com\/1\/wp-json\/wp\/v2\/media?parent=35958"}],"wp:term":[{"taxonomy":"category","embeddable":true,"href":"https:\/\/www.caririemacao.com\/1\/wp-json\/wp\/v2\/categories?post=35958"},{"taxonomy":"post_tag","embeddable":true,"href":"https:\/\/www.caririemacao.com\/1\/wp-json\/wp\/v2\/tags?post=35958"}],"curies":[{"name":"wp","href":"https:\/\/api.w.org\/{rel}","templated":true}]}}