{"id":35963,"date":"2017-12-28T22:39:41","date_gmt":"2017-12-29T01:39:41","guid":{"rendered":"http:\/\/caririemacao.com\/1\/?p=35963"},"modified":"2017-12-28T22:39:41","modified_gmt":"2017-12-29T01:39:41","slug":"acidente-entre-veiculos-e-registrado-na-zona-rural-de-monteiro","status":"publish","type":"post","link":"https:\/\/www.caririemacao.com\/1\/2017\/12\/28\/acidente-entre-veiculos-e-registrado-na-zona-rural-de-monteiro\/","title":{"rendered":"Acidente entre ve\u00edculos \u00e9 registrado na zona rural de Monteiro"},"content":{"rendered":"<p>Um grave\u00a0 acidente envolvendo dois ve\u00edculos foi registrado na noite desta quinta-feira (28) na zona rural do munic\u00edpio de Monteiro, no sitio Mulungu. As primeiras informa\u00e7\u00f5es s\u00e3o de que os ve\u00edculos se chocaram e um deles capotou ficando totalmente destru\u00eddo, o outro uma Pikup da Fiat Strada \u00a0branca,n\u00e3o chegou a capotar,mas ficou bastante danificada.<\/p>\n<p>Apesar do impacto do acidente n\u00e3o houve vitimas fatais, apenas escore a\u00e7\u00f5es e machucados pelo corpo. O SAMU foi acionado e prestou os primeiro socorros as v\u00edtimas.<\/p>\n<p>Mais informa\u00e7\u00f5es a qualquer momento.<\/p>\n<p><strong>CARIRI EM A\u00c7\u00c3O<\/strong><\/p>\n<p><em>Com O pipoco\/Foto: Reprodu\u00e7\u00e3o<\/em><\/p>\n<p><strong>Leia mais not\u00edcias em\u00a0<\/strong><a href=\"http:\/\/www.caririemacao.com\/\"><strong>caririemacao.com<\/strong><\/a><strong>, siga nossa p\u00e1gina no\u00a0<\/strong><a href=\"https:\/\/www.facebook.com\/CaririEmAcao\/?ref=aymt_homepage_panel\"><strong>Facebook<\/strong><\/a>,<strong>\u00a0<\/strong><a href=\"https:\/\/www.instagram.com\/cariri_em_acao\/?hl=pt-br\"><strong>Instagram<\/strong><\/a><strong>\u00a0e\u00a0<\/strong><a href=\"https:\/\/www.youtube.com\/channel\/UCAptA0jQuYQy8vMhLt2m4qg\"><strong>Youtube<\/strong><\/a><strong>\u00a0e veja nossas mat\u00e9rias, v\u00eddeos e fotos. Voc\u00ea tamb\u00e9m pode enviar informa\u00e7\u00f5es \u00e0 Reda\u00e7\u00e3o do Portal Cariri em A\u00e7\u00e3o pelo WhatsApp (83) 9 9634.5791, (83) 9 9601-1162.<\/strong><\/p>\n","protected":false},"excerpt":{"rendered":"<p>Um grave\u00a0 acidente envolvendo dois ve\u00edculos foi registrado na noite desta quinta-feira (28) na zona rural do munic\u00edpio de Monteiro, no sitio Mulungu. As primeiras&hellip; <\/p>\n","protected":false},"author":2,"featured_media":35964,"comment_status":"closed","ping_status":"closed","sticky":false,"template":"","format":"standard","meta":{"sfsi_plus_gutenberg_text_before_share":"","sfsi_plus_gutenberg_show_text_before_share":"","sfsi_plus_gutenberg_icon_type":"","sfsi_plus_gutenberg_icon_alignemt":"","sfsi_plus_gutenburg_max_per_row":"","footnotes":""},"categories":[12],"tags":[],"class_list":["post-35963","post","type-post","status-publish","format-standard","has-post-thumbnail","hentry","category-policia"],"_links":{"self":[{"href":"https:\/\/www.caririemacao.com\/1\/wp-json\/wp\/v2\/posts\/35963","targetHints":{"allow":["GET"]}}],"collection":[{"href":"https:\/\/www.caririemacao.com\/1\/wp-json\/wp\/v2\/posts"}],"about":[{"href":"https:\/\/www.caririemacao.com\/1\/wp-json\/wp\/v2\/types\/post"}],"author":[{"embeddable":true,"href":"https:\/\/www.caririemacao.com\/1\/wp-json\/wp\/v2\/users\/2"}],"replies":[{"embeddable":true,"href":"https:\/\/www.caririemacao.com\/1\/wp-json\/wp\/v2\/comments?post=35963"}],"version-history":[{"count":0,"href":"https:\/\/www.caririemacao.com\/1\/wp-json\/wp\/v2\/posts\/35963\/revisions"}],"wp:featuredmedia":[{"embeddable":true,"href":"https:\/\/www.caririemacao.com\/1\/wp-json\/wp\/v2\/media\/35964"}],"wp:attachment":[{"href":"https:\/\/www.caririemacao.com\/1\/wp-json\/wp\/v2\/media?parent=35963"}],"wp:term":[{"taxonomy":"category","embeddable":true,"href":"https:\/\/www.caririemacao.com\/1\/wp-json\/wp\/v2\/categories?post=35963"},{"taxonomy":"post_tag","embeddable":true,"href":"https:\/\/www.caririemacao.com\/1\/wp-json\/wp\/v2\/tags?post=35963"}],"curies":[{"name":"wp","href":"https:\/\/api.w.org\/{rel}","templated":true}]}}