{"id":35966,"date":"2017-12-28T23:38:56","date_gmt":"2017-12-29T02:38:56","guid":{"rendered":"http:\/\/caririemacao.com\/1\/?p=35966"},"modified":"2017-12-28T23:38:56","modified_gmt":"2017-12-29T02:38:56","slug":"bandidos-assaltam-homem-e-tenta-assaltar-posto-de-combustivel-em-monteiro","status":"publish","type":"post","link":"https:\/\/www.caririemacao.com\/1\/2017\/12\/28\/bandidos-assaltam-homem-e-tenta-assaltar-posto-de-combustivel-em-monteiro\/","title":{"rendered":"Bandidos assaltam homem e tenta assaltar Posto de combust\u00edvel em Monteiro."},"content":{"rendered":"<p>No in\u00edcio da noite desta quinta-feira (28), dois homens de capacete em uma moto assaltaram um rapaz que ainda n\u00e3o teve seu nome revelado, pr\u00f3ximo ao posto bela vista na BR-412, que fica localizado na entrada da cidade de Monteiro.<\/p>\n<p>De acordo com as primeiras informa\u00e7\u00f5es, os homens chegaram na moto com arma em punho e anunciaram o assalto, levando o celular da v\u00edtima e uma quantia em dinheiro, logo em seguida foram em dire\u00e7\u00e3o do posto, quando o frentista percebeu a a\u00e7\u00e3o e correu para a churrascaria em frente ao posto.<\/p>\n<p>Os acusados tomaram destino ao centro da cidade e pol\u00edcia militar est\u00e1 fazendo dilig\u00eancias para tentar localizar os assaltantes.<\/p>\n<p>Mais informa\u00e7\u00f5es a qualquer momento.<\/p>\n<p><strong>CARIRI EM A\u00c7\u00c3O<\/strong><\/p>\n<p>HORA1PB<\/p>\n<p>Leia mais not\u00edcias em\u00a0<a style=\"font-style: inherit; font-weight: inherit;\" href=\"http:\/\/www.caririemacao.com\/\">caririemacao.com<\/a>, siga nossa p\u00e1gina no\u00a0<a style=\"font-style: inherit; font-weight: inherit;\" href=\"https:\/\/www.facebook.com\/CaririEmAcao\/?ref=aymt_homepage_panel\">Facebook<\/a>,\u00a0<a style=\"font-style: inherit; font-weight: inherit;\" href=\"https:\/\/www.instagram.com\/cariri_em_acao\/?hl=pt-br\">Instagram<\/a>\u00a0e\u00a0<a style=\"font-style: inherit; font-weight: inherit;\" href=\"https:\/\/www.youtube.com\/channel\/UCAptA0jQuYQy8vMhLt2m4qg\">Youtube<\/a>\u00a0e veja nossas mat\u00e9rias, v\u00eddeos e fotos. Voc\u00ea tamb\u00e9m pode enviar informa\u00e7\u00f5es \u00e0 Reda\u00e7\u00e3o do Portal Cariri em A\u00e7\u00e3o pelo WhatsApp (83) 9 9634.5791, (83) 9 9601-1162.<\/p>\n","protected":false},"excerpt":{"rendered":"<p>No in\u00edcio da noite desta quinta-feira (28), dois homens de capacete em uma moto assaltaram um rapaz que ainda n\u00e3o teve seu nome revelado, pr\u00f3ximo&hellip; <\/p>\n","protected":false},"author":2,"featured_media":35967,"comment_status":"closed","ping_status":"closed","sticky":false,"template":"","format":"standard","meta":{"sfsi_plus_gutenberg_text_before_share":"","sfsi_plus_gutenberg_show_text_before_share":"","sfsi_plus_gutenberg_icon_type":"","sfsi_plus_gutenberg_icon_alignemt":"","sfsi_plus_gutenburg_max_per_row":"","footnotes":""},"categories":[12],"tags":[],"class_list":["post-35966","post","type-post","status-publish","format-standard","has-post-thumbnail","hentry","category-policia"],"_links":{"self":[{"href":"https:\/\/www.caririemacao.com\/1\/wp-json\/wp\/v2\/posts\/35966","targetHints":{"allow":["GET"]}}],"collection":[{"href":"https:\/\/www.caririemacao.com\/1\/wp-json\/wp\/v2\/posts"}],"about":[{"href":"https:\/\/www.caririemacao.com\/1\/wp-json\/wp\/v2\/types\/post"}],"author":[{"embeddable":true,"href":"https:\/\/www.caririemacao.com\/1\/wp-json\/wp\/v2\/users\/2"}],"replies":[{"embeddable":true,"href":"https:\/\/www.caririemacao.com\/1\/wp-json\/wp\/v2\/comments?post=35966"}],"version-history":[{"count":0,"href":"https:\/\/www.caririemacao.com\/1\/wp-json\/wp\/v2\/posts\/35966\/revisions"}],"wp:featuredmedia":[{"embeddable":true,"href":"https:\/\/www.caririemacao.com\/1\/wp-json\/wp\/v2\/media\/35967"}],"wp:attachment":[{"href":"https:\/\/www.caririemacao.com\/1\/wp-json\/wp\/v2\/media?parent=35966"}],"wp:term":[{"taxonomy":"category","embeddable":true,"href":"https:\/\/www.caririemacao.com\/1\/wp-json\/wp\/v2\/categories?post=35966"},{"taxonomy":"post_tag","embeddable":true,"href":"https:\/\/www.caririemacao.com\/1\/wp-json\/wp\/v2\/tags?post=35966"}],"curies":[{"name":"wp","href":"https:\/\/api.w.org\/{rel}","templated":true}]}}