{"id":35969,"date":"2017-12-29T08:17:51","date_gmt":"2017-12-29T11:17:51","guid":{"rendered":"http:\/\/caririemacao.com\/1\/?p=35969"},"modified":"2017-12-29T08:17:51","modified_gmt":"2017-12-29T11:17:51","slug":"temer-descumpre-acordo-e-prefeituras-ficam-sem-aporte-financeiro","status":"publish","type":"post","link":"https:\/\/www.caririemacao.com\/1\/2017\/12\/29\/temer-descumpre-acordo-e-prefeituras-ficam-sem-aporte-financeiro\/","title":{"rendered":"Temer descumpre acordo e prefeituras ficam sem aporte financeiro"},"content":{"rendered":"<p>O Presidente da Federa\u00e7\u00e3o das Associa\u00e7\u00f5es de Municipios da Paraiba Tota Guedes,\u00a0 lamentou o recuo do Governo Federal na libera\u00e7\u00e3o de recursos na ordem de R$ 2 bilh\u00f5es que seriam destinados \u00e0s prefeituras de todo o\u00a0 pa\u00eds. O Aux\u00edlio Financeiro aos Munic\u00edpios (AFM) foi confirmado pelo presidente Michel Temer em 2 eventos em que Tota participou fazendo quest\u00e3o de levar em ambos momentos mais de 100 prefeitos paraibanos para Brasilia. \u201cO AFM foi uma das lutas do nosso pa\u00eds que teve origem com prefeitos da na nossa Para\u00edba em um grupo de whattsapp, com muita insatisfa\u00e7\u00e3o e repudio que recebo a informa\u00e7\u00e3o de que o presidente da Rep\u00fablica n\u00e3o vai publicar a Medida Provis\u00f3ria de libera\u00e7\u00e3o do AFM\u201d . Bradou Tota<\/p>\n<p>O movimento municipalista foi surpreendido pela informa\u00e7\u00e3o da Casa Civil de que o ministro do Planejamento, Dyogo Oliveira; e da Fazenda, Henrique Meirelles; se negam a assinar a Medida Provis\u00f3ria e comunicam que ir\u00e3o criar um Programa Especial de Aux\u00edlio aos Munic\u00edpios. Esse programa dever\u00e1 passar pelo Congresso Nacional para ser aprovado, fazendo com que estes recursos cheguem efetivamente aos cofres municipais somente em fevereiro ou mar\u00e7o de 2018.<\/p>\n<p>\u201cA grande maioria dos prefeitos paraibanos estavam aguardando essa ajuda financeira para amenizar um dif\u00edcil ano de 2017. Queda de receitas e dificuldades financeiras foram as grandes marcas desse ano, e agora essa facada no final , precisamos repensar a forma de trabalhar e agir\u00a0 diante do poder executivo federal,\u201d exclamou Tota.<\/p>\n<p><strong>CARIRI EM A\u00c7\u00c3O<\/strong><\/p>\n<p><strong>Leia mais not\u00edcias em\u00a0<\/strong><a style=\"font-style: inherit; font-weight: inherit;\" href=\"http:\/\/www.caririemacao.com\/\"><strong style=\"font-style: inherit;\">caririemacao.com<\/strong><\/a><strong style=\"font-style: inherit;\">, siga nossa p\u00e1gina no\u00a0<\/strong><a style=\"font-style: inherit; font-weight: inherit;\" href=\"https:\/\/www.facebook.com\/CaririEmAcao\/?ref=aymt_homepage_panel\"><strong style=\"font-style: inherit;\">Facebook<\/strong><\/a>,<strong style=\"font-style: inherit;\">\u00a0<\/strong><a style=\"font-style: inherit; font-weight: inherit;\" href=\"https:\/\/www.instagram.com\/cariri_em_acao\/?hl=pt-br\"><strong style=\"font-style: inherit;\">Instagram<\/strong><\/a><strong style=\"font-style: inherit;\">\u00a0e\u00a0<\/strong><a style=\"font-style: inherit; font-weight: inherit;\" href=\"https:\/\/www.youtube.com\/channel\/UCAptA0jQuYQy8vMhLt2m4qg\"><strong style=\"font-style: inherit;\">Youtube<\/strong><\/a><strong style=\"font-style: inherit;\">\u00a0e veja nossas mat\u00e9rias, v\u00eddeos e fotos. Voc\u00ea tamb\u00e9m pode enviar informa\u00e7\u00f5es \u00e0 Reda\u00e7\u00e3o do Portal Cariri em A\u00e7\u00e3o pelo WhatsApp (83) 9 9634.5791, (83) 9 9601-1162.<\/strong><\/p>\n","protected":false},"excerpt":{"rendered":"<p>O Presidente da Federa\u00e7\u00e3o das Associa\u00e7\u00f5es de Municipios da Paraiba Tota Guedes,\u00a0 lamentou o recuo do Governo Federal na libera\u00e7\u00e3o de recursos na ordem de&hellip; <\/p>\n","protected":false},"author":2,"featured_media":35970,"comment_status":"closed","ping_status":"closed","sticky":false,"template":"","format":"standard","meta":{"sfsi_plus_gutenberg_text_before_share":"","sfsi_plus_gutenberg_show_text_before_share":"","sfsi_plus_gutenberg_icon_type":"","sfsi_plus_gutenberg_icon_alignemt":"","sfsi_plus_gutenburg_max_per_row":"","footnotes":""},"categories":[2],"tags":[],"class_list":["post-35969","post","type-post","status-publish","format-standard","has-post-thumbnail","hentry","category-geral"],"_links":{"self":[{"href":"https:\/\/www.caririemacao.com\/1\/wp-json\/wp\/v2\/posts\/35969","targetHints":{"allow":["GET"]}}],"collection":[{"href":"https:\/\/www.caririemacao.com\/1\/wp-json\/wp\/v2\/posts"}],"about":[{"href":"https:\/\/www.caririemacao.com\/1\/wp-json\/wp\/v2\/types\/post"}],"author":[{"embeddable":true,"href":"https:\/\/www.caririemacao.com\/1\/wp-json\/wp\/v2\/users\/2"}],"replies":[{"embeddable":true,"href":"https:\/\/www.caririemacao.com\/1\/wp-json\/wp\/v2\/comments?post=35969"}],"version-history":[{"count":0,"href":"https:\/\/www.caririemacao.com\/1\/wp-json\/wp\/v2\/posts\/35969\/revisions"}],"wp:featuredmedia":[{"embeddable":true,"href":"https:\/\/www.caririemacao.com\/1\/wp-json\/wp\/v2\/media\/35970"}],"wp:attachment":[{"href":"https:\/\/www.caririemacao.com\/1\/wp-json\/wp\/v2\/media?parent=35969"}],"wp:term":[{"taxonomy":"category","embeddable":true,"href":"https:\/\/www.caririemacao.com\/1\/wp-json\/wp\/v2\/categories?post=35969"},{"taxonomy":"post_tag","embeddable":true,"href":"https:\/\/www.caririemacao.com\/1\/wp-json\/wp\/v2\/tags?post=35969"}],"curies":[{"name":"wp","href":"https:\/\/api.w.org\/{rel}","templated":true}]}}