{"id":35972,"date":"2017-12-29T09:07:28","date_gmt":"2017-12-29T12:07:28","guid":{"rendered":"http:\/\/caririemacao.com\/1\/?p=35972"},"modified":"2017-12-29T09:07:28","modified_gmt":"2017-12-29T12:07:28","slug":"por-2018-temer-quer-agenda-social","status":"publish","type":"post","link":"https:\/\/www.caririemacao.com\/1\/2017\/12\/29\/por-2018-temer-quer-agenda-social\/","title":{"rendered":"Por 2018, Temer quer agenda social"},"content":{"rendered":"<p>O Pal\u00e1cio do Planalto e a c\u00fapula do PMDB t\u00eam uma estrat\u00e9gia pronta para tentar viabilizar a candidatura do presidente Michel Temer \u00e0 reelei\u00e7\u00e3o, em 2018, apesar da aprova\u00e7\u00e3o ainda estar na casa de um d\u00edgito. O plano \u00e9 ancorado em pilares que incluem n\u00e3o s\u00f3 a melhoria de indicadores econ\u00f4micos, mas tamb\u00e9m o refor\u00e7o da agenda social. Na lista das medidas que ser\u00e3o anunciadas, nos pr\u00f3ximos dias, est\u00e1 a prorroga\u00e7\u00e3o do limite de R$ 1,5 milh\u00e3o para o financiamento da casa pr\u00f3pria com recursos do Fundo de Garantia do Tempo de Servi\u00e7o (FGTS).<\/p>\n<p>A sete meses do prazo para os partidos escolherem os candidatos, Temer faz de tudo para agradar \u00e0 classe m\u00e9dia e vai reembalar programas sociais da era petista, dirigidos \u00e0s camadas mais pobres. At\u00e9 abril o governo conceder\u00e1 novo reajuste ao Bolsa Fam\u00edlia. A ideia \u00e9 dar aumento real, acima da infla\u00e7\u00e3o.<\/p>\n<p>O pacote de bondades a ser divulgado antes do in\u00edcio da campanha inclui mais subs\u00eddios para benefici\u00e1rios do Minha Casa Minha Vida e uma nova vers\u00e3o do Programa Nacional de Acesso ao Ensino T\u00e9cnico e Emprego (Pronatec), para qualificar quem est\u00e1 no mercado de trabalho.<\/p>\n<p>A candidatura de Temer depende, por\u00e9m, da revers\u00e3o de seus baix\u00edssimos \u00edndices de popularidade e da constru\u00e7\u00e3o de ampla alian\u00e7a de centro para sustentar essa empreitada ao lado do PMDB, dono do maior tempo de TV no hor\u00e1rio eleitoral. Para tanto, a meta do Planalto \u00e9 que o presidente chegue ao in\u00edcio de abril com \u00edndice de aprova\u00e7\u00e3o de no m\u00ednimo 15%, praticamente o triplo do que tem hoje. Na semana passada,\u00a0pesquisa da CNI-Ibope mostrou que o aval a Temer subiu de 3%, em setembro, para 6%, em dezembro, mas seu desempenho continua aqu\u00e9m das expectativas.<\/p>\n<p>Sem herdeiros no PMDB, Temer entra em 2018, \u00faltimo ano de seu mandato, como um sobrevivente de esc\u00e2ndalos pol\u00edticos e com uma base aliada bem menor do que quando assumiu o governo, no rastro do impeachment da petista Dilma Rousseff.<\/p>\n<p>Sua prioridade \u00e9 emplacar, em fevereiro, a reforma da Previd\u00eancia, considerada essencial para o ajuste das contas p\u00fablicas. Apesar da pr\u00e1tica da distribui\u00e7\u00e3o de cargos e libera\u00e7\u00e3o de verbas, o Planalto ainda n\u00e3o tem os 308 votos necess\u00e1rios para aprovar a proposta na C\u00e2mara.<\/p>\n<p>A poss\u00edvel entrada do ministro da Fazenda, Henrique Meirelles (PSD), no p\u00e1reo presidencial n\u00e3o empolga o governo, mas o apoio a ele continua no radar, caso Temer n\u00e3o decole ou fique impedido de concorrer por problemas de sa\u00fade. Neste ano, o peemedebista passou por duas cirurgias urol\u00f3gicas e um procedimento para desobstruir art\u00e9rias coron\u00e1rias. Meirelles \u00e9 um dos 15 ministros que t\u00eam interesse em disputar as elei\u00e7\u00f5es. Ele pode migrar para o PMDB, caso seja escolhido como candidato.<\/p>\n<p><strong>\u2018Caio de p\u00e9\u2019.<\/strong>\u00a0\u00c9 na campanha que Temer pretende vender a marca de \u201cgoverno reformista\u201d, mesmo com os sucessivos desgastes enfrentados na pol\u00edtica e os reveses na economia, como o fechamento de 12,3 mil vagas formais de emprego, em novembro, e a amplia\u00e7\u00e3o do d\u00e9ficit fiscal para R$ 159 bilh\u00f5es.<\/p>\n<p>No ano em que as dela\u00e7\u00f5es do empres\u00e1rio Joesley Batista e de outros executivos da J&amp;F \u00e0 Lava Jato quase derrubaram o governo, o presidente tamb\u00e9m tornou-se ref\u00e9m do Centr\u00e3o \u2013 bloco formado por partidos m\u00e9dios, como PP, PR, PTB e PSD \u2013 para conseguir sobreviver \u00e0 crise.<\/p>\n<p>Em maio, ap\u00f3s vir \u00e0 tona o depoimento de Joesley, Temer foi aconselhado a renunciar, mas resistiu. \u201cEu n\u00e3o caio de joelhos. Caio de p\u00e9\u201d, afirmou \u00e0 \u00e9poca. Em junho, uma vota\u00e7\u00e3o apertada o salvou de ter o mandato cassado pelo Tribunal Superior Eleitoral (TSE), que julgava acusa\u00e7\u00f5es de abuso do poder pol\u00edtico e econ\u00f4mico contra a chapa encabe\u00e7ada por Dilma, de quem era vice. Temer ainda conseguiu barrar na C\u00e2mara as duas den\u00fancias apresentadas contra ele pelo ex-procurador-geral Rodrigo Janot.<\/p>\n<p>Preocupado com os estragos em sua imagem, o presidente manteve conversas reservadas com o publicit\u00e1rio Nizan Guanaes, que lhe sugeriu o mote \u201cO Brasil voltou\u201d para destacar conquistas da gest\u00e3o do PMDB, em compara\u00e7\u00e3o com n\u00fameros da era Dilma. Sendo ou n\u00e3o candidato, ele quer deixar o legado das reformas, embora essa agenda provoque desconfian\u00e7a, por causa do receio da perda de direitos.<\/p>\n<p>No Planalto, o diagn\u00f3stico \u00e9 de que, se no fim do primeiro trimestre a popula\u00e7\u00e3o come\u00e7ar a sentir o efeito da recupera\u00e7\u00e3o econ\u00f4mica, e Temer ultrapassar o d\u00edgito solit\u00e1rio nas pesquisas, o nome para empunhar a bandeira da centro-direita pode ser o dele. \u201cO governo \u00e9 como cobra: mesmo morto, mete medo\u201d, disse o deputado Her\u00e1clito Fortes (PSB-PI).<\/p>\n<p>At\u00e9 agora, no entanto, a maioria dos partidos aliados, alvejados pela Lava Jato, resiste a essa alternativa. Nos bastidores, muitos argumentam que \u00e9 preciso uma fisionomia nova para quebrar a polariza\u00e7\u00e3o entre o ex-presidente Luiz In\u00e1cio Lula da Silva (PT) e o deputado Jair Bolsonaro (PSC-RJ).<\/p>\n<p>A ades\u00e3o do PMDB ao projeto do governador Geraldo Alckmin (SP), pr\u00e9-candidato do PSDB \u00e0 Presid\u00eancia, \u00e9 hoje vista como remota. Fiador do governo, o PSDB deixou a coaliz\u00e3o no in\u00edcio deste m\u00eas, ap\u00f3s uma guerra interna. No espectro de centro, corre por fora o presidente da C\u00e2mara, Rodrigo Maia (DEM-RJ), que entrou em confronto com o PMDB e o Planalto. Maia jura que \u00e9 candidato \u00e0 reelei\u00e7\u00e3o, mas o DEM quer lan\u00e7\u00e1-lo \u00e0 sucess\u00e3o de Temer.<\/p>\n<p>\u201cSe a elei\u00e7\u00e3o tiver Lula, ser\u00e1 uma coisa; se n\u00e3o tiver, ser\u00e1 outra\u201d, comentou o ministro das Rela\u00e7\u00f5es Exteriores, Aloysio Nunes Ferreira, referindo-se ao julgamento do ex-presidente pelo Tribunal Regional Federal da 4.\u00aa Regi\u00e3o, em 24 de janeiro.<\/p>\n<p>Defensor de Maia, o deputado Efraim Filho (PB), l\u00edder do DEM, disse que a centro-direita vai errar se permitir a pulveriza\u00e7\u00e3o de candidatos e que as pessoas buscam resultados de gest\u00e3o. \u201cA sociedade n\u00e3o quer blablabl\u00e1 e pouco importa se a bandeira ser\u00e1 vermelha, amarela, azul ou laranja\u201d, insistiu ele. \u201cN\u00e3o podemos incorrer no mesmo equ\u00edvoco da esquerda, que se dividiu. As pessoas querem resultados de gest\u00e3o.\u201d<\/p>\n<p>Foi a imagem de gestor, sem faixa presidencial, que Temer quis transmitir na foto oficial tirada no in\u00edcio de maio, antes das dela\u00e7\u00f5es da JBS, mas que s\u00f3 ganhou as paredes do Planalto h\u00e1 um m\u00eas e meio. At\u00e9 pouco tempo atr\u00e1s, ele via a iniciativa como um culto \u00e0 personalidade. Agora, gosta da foto.<\/p>\n<p><strong>CARIRI EM A\u00c7\u00c3O<\/strong><\/p>\n<p><em>Com Estad\u00e3o\u00a0\/Foto: Reprodu\u00e7\u00e3o google<\/em><\/p>\n<p><strong>Leia mais not\u00edcias em\u00a0<\/strong><a href=\"http:\/\/www.caririemacao.com\/\"><strong>caririemacao.com<\/strong><\/a><strong>, siga nossa p\u00e1gina no\u00a0<\/strong><a href=\"https:\/\/www.facebook.com\/CaririEmAcao\/?ref=aymt_homepage_panel\"><strong>Facebook<\/strong><\/a>,<strong>\u00a0<\/strong><a href=\"https:\/\/www.instagram.com\/cariri_em_acao\/?hl=pt-br\"><strong>Instagram<\/strong><\/a><strong>\u00a0e <\/strong><a href=\"https:\/\/www.youtube.com\/channel\/UCAptA0jQuYQy8vMhLt2m4qg\"><strong>Youtube<\/strong><\/a><strong>\u00a0e veja nossas mat\u00e9rias, v\u00eddeos e fotos. Voc\u00ea tamb\u00e9m pode enviar informa\u00e7\u00f5es \u00e0 Reda\u00e7\u00e3o do Portal Cariri em A\u00e7\u00e3o pelo WhatsApp (83) 9 9634.5791, (83) 9 9601-1162.<\/strong><\/p>\n","protected":false},"excerpt":{"rendered":"<p>O Pal\u00e1cio do Planalto e a c\u00fapula do PMDB t\u00eam uma estrat\u00e9gia pronta para tentar viabilizar a candidatura do presidente Michel Temer \u00e0 reelei\u00e7\u00e3o, em&hellip; <\/p>\n","protected":false},"author":2,"featured_media":15516,"comment_status":"closed","ping_status":"closed","sticky":false,"template":"","format":"standard","meta":{"sfsi_plus_gutenberg_text_before_share":"","sfsi_plus_gutenberg_show_text_before_share":"","sfsi_plus_gutenberg_icon_type":"","sfsi_plus_gutenberg_icon_alignemt":"","sfsi_plus_gutenburg_max_per_row":"","footnotes":""},"categories":[11],"tags":[],"class_list":["post-35972","post","type-post","status-publish","format-standard","has-post-thumbnail","hentry","category-politica"],"_links":{"self":[{"href":"https:\/\/www.caririemacao.com\/1\/wp-json\/wp\/v2\/posts\/35972","targetHints":{"allow":["GET"]}}],"collection":[{"href":"https:\/\/www.caririemacao.com\/1\/wp-json\/wp\/v2\/posts"}],"about":[{"href":"https:\/\/www.caririemacao.com\/1\/wp-json\/wp\/v2\/types\/post"}],"author":[{"embeddable":true,"href":"https:\/\/www.caririemacao.com\/1\/wp-json\/wp\/v2\/users\/2"}],"replies":[{"embeddable":true,"href":"https:\/\/www.caririemacao.com\/1\/wp-json\/wp\/v2\/comments?post=35972"}],"version-history":[{"count":0,"href":"https:\/\/www.caririemacao.com\/1\/wp-json\/wp\/v2\/posts\/35972\/revisions"}],"wp:featuredmedia":[{"embeddable":true,"href":"https:\/\/www.caririemacao.com\/1\/wp-json\/wp\/v2\/media\/15516"}],"wp:attachment":[{"href":"https:\/\/www.caririemacao.com\/1\/wp-json\/wp\/v2\/media?parent=35972"}],"wp:term":[{"taxonomy":"category","embeddable":true,"href":"https:\/\/www.caririemacao.com\/1\/wp-json\/wp\/v2\/categories?post=35972"},{"taxonomy":"post_tag","embeddable":true,"href":"https:\/\/www.caririemacao.com\/1\/wp-json\/wp\/v2\/tags?post=35972"}],"curies":[{"name":"wp","href":"https:\/\/api.w.org\/{rel}","templated":true}]}}