{"id":35977,"date":"2017-12-29T09:17:51","date_gmt":"2017-12-29T12:17:51","guid":{"rendered":"http:\/\/caririemacao.com\/1\/?p=35977"},"modified":"2017-12-29T09:17:51","modified_gmt":"2017-12-29T12:17:51","slug":"com-decisao-do-stf-temer-avalia-novo-decreto-de-indulto-natalino","status":"publish","type":"post","link":"https:\/\/www.caririemacao.com\/1\/2017\/12\/29\/com-decisao-do-stf-temer-avalia-novo-decreto-de-indulto-natalino\/","title":{"rendered":"Com decis\u00e3o do STF, Temer avalia novo decreto de indulto natalino"},"content":{"rendered":"<p>O presidente Michel Temer avalia publicar novo decreto de indulto natalino retirando os trechos que foram suspensos pela presidente do STF (Supremo Tribunal Federal), C\u00e1rmen L\u00facia.A alternativa tem sido discutida por integrantes da equipe presidencial, que ponderam, contudo, que antes de qualquer decis\u00e3o, o tema deve ser discutido previamente com a ministra da Suprema Corte.<\/p>\n<p>O receio do entorno do presidente \u00e9 que uma iniciativa sem o consentimento da magistrada pode dar a entender que o Executivo atropelou o Judici\u00e1rio, criando uma crise institucional.<\/p>\n<p>A ideia \u00e9 que o assunto seja tratado nos pr\u00f3ximos dias com C\u00e1rmen pelo ministro da Justi\u00e7a, Torquato Jardim. Caso n\u00e3o cheguem a um acordo, a estrat\u00e9gia ser\u00e1 recorrer da decis\u00e3o por interm\u00e9dio da AGU (Advocacia-Geral da Uni\u00e3o).<\/p>\n<p>A presidente do STF suspendeu nesta quinta-feira (28) artigos do indulto natalino concedido por Temer na \u00faltima sexta-feira (22).<\/p>\n<p>A decis\u00e3o, tomada em car\u00e1ter liminar, atendeu a pedido da procuradora-geral da Rep\u00fablica, Raquel Dodge, que apontou inconstitucionalidade e abuso de poder na medida do presidente.<\/p>\n<p>Segundo C\u00e1rmen, sua decis\u00e3o vale at\u00e9 que o caso seja analisado pelo relator, Luis Roberto Barroso, ou pelo plen\u00e1rio da corte. Isso vai ocorrer somente a partir de fevereiro, quando o tribunal retorna do recesso.<\/p>\n<p>Mais cedo, Torquato disse \u00e0 Folha de S.Paulo que n\u00e3o h\u00e1 &#8220;nenhuma&#8221; chance de recuo na iniciativa, que \u00e9 mais ben\u00e9fico aos detentos do que o indulto concedido em anos anteriores e favorece tamb\u00e9m aqueles que cumprem penas por crimes de colarinho branco.<\/p>\n<div>\n<p><strong>CARIRI EM A\u00c7\u00c3O<\/strong><\/p>\n<p><em>Com\u00a0Not\u00edcias ao Minuto\u00a0\/Foto: Reprodu\u00e7\u00e3o google<\/em><\/p>\n<p><strong>Leia mais not\u00edcias em\u00a0<\/strong><a href=\"http:\/\/www.caririemacao.com\/\"><strong>caririemacao.com<\/strong><\/a><strong>, siga nossa p\u00e1gina no\u00a0<\/strong><a href=\"https:\/\/www.facebook.com\/CaririEmAcao\/?ref=aymt_homepage_panel\"><strong>Facebook<\/strong><\/a>,<strong>\u00a0<\/strong><a href=\"https:\/\/www.instagram.com\/cariri_em_acao\/?hl=pt-br\"><strong>Instagram<\/strong><\/a><strong>\u00a0e <\/strong><a href=\"https:\/\/www.youtube.com\/channel\/UCAptA0jQuYQy8vMhLt2m4qg\"><strong>Youtube<\/strong><\/a><strong>\u00a0e veja nossas mat\u00e9rias, v\u00eddeos e fotos. Voc\u00ea tamb\u00e9m pode enviar informa\u00e7\u00f5es \u00e0 Reda\u00e7\u00e3o do Portal Cariri em A\u00e7\u00e3o pelo WhatsApp (83) 9 9634.5791, (83) 9 9601-1162.<\/strong><\/p>\n<\/div>\n","protected":false},"excerpt":{"rendered":"<p>O presidente Michel Temer avalia publicar novo decreto de indulto natalino retirando os trechos que foram suspensos pela presidente do STF (Supremo Tribunal Federal), C\u00e1rmen&hellip; <\/p>\n","protected":false},"author":2,"featured_media":35978,"comment_status":"closed","ping_status":"closed","sticky":false,"template":"","format":"standard","meta":{"sfsi_plus_gutenberg_text_before_share":"","sfsi_plus_gutenberg_show_text_before_share":"","sfsi_plus_gutenberg_icon_type":"","sfsi_plus_gutenberg_icon_alignemt":"","sfsi_plus_gutenburg_max_per_row":"","footnotes":""},"categories":[2],"tags":[],"class_list":["post-35977","post","type-post","status-publish","format-standard","has-post-thumbnail","hentry","category-geral"],"_links":{"self":[{"href":"https:\/\/www.caririemacao.com\/1\/wp-json\/wp\/v2\/posts\/35977","targetHints":{"allow":["GET"]}}],"collection":[{"href":"https:\/\/www.caririemacao.com\/1\/wp-json\/wp\/v2\/posts"}],"about":[{"href":"https:\/\/www.caririemacao.com\/1\/wp-json\/wp\/v2\/types\/post"}],"author":[{"embeddable":true,"href":"https:\/\/www.caririemacao.com\/1\/wp-json\/wp\/v2\/users\/2"}],"replies":[{"embeddable":true,"href":"https:\/\/www.caririemacao.com\/1\/wp-json\/wp\/v2\/comments?post=35977"}],"version-history":[{"count":0,"href":"https:\/\/www.caririemacao.com\/1\/wp-json\/wp\/v2\/posts\/35977\/revisions"}],"wp:featuredmedia":[{"embeddable":true,"href":"https:\/\/www.caririemacao.com\/1\/wp-json\/wp\/v2\/media\/35978"}],"wp:attachment":[{"href":"https:\/\/www.caririemacao.com\/1\/wp-json\/wp\/v2\/media?parent=35977"}],"wp:term":[{"taxonomy":"category","embeddable":true,"href":"https:\/\/www.caririemacao.com\/1\/wp-json\/wp\/v2\/categories?post=35977"},{"taxonomy":"post_tag","embeddable":true,"href":"https:\/\/www.caririemacao.com\/1\/wp-json\/wp\/v2\/tags?post=35977"}],"curies":[{"name":"wp","href":"https:\/\/api.w.org\/{rel}","templated":true}]}}