{"id":35983,"date":"2017-12-29T09:27:41","date_gmt":"2017-12-29T12:27:41","guid":{"rendered":"http:\/\/caririemacao.com\/1\/?p=35983"},"modified":"2017-12-29T09:27:41","modified_gmt":"2017-12-29T12:27:41","slug":"fifa-quer-acabar-com-os-amistosos-e-criar-novo-torneio-internacional","status":"publish","type":"post","link":"https:\/\/www.caririemacao.com\/1\/2017\/12\/29\/fifa-quer-acabar-com-os-amistosos-e-criar-novo-torneio-internacional\/","title":{"rendered":"Fifa quer acabar com os amistosos e criar novo torneio internacional"},"content":{"rendered":"<p>Nos pr\u00f3ximos tr\u00eas meses, os dirigentes da\u00a0Fifa\u00a0ir\u00e3o tomar uma decis\u00e3o que pode modificar profundamente o calend\u00e1rio do futebol. O que j\u00e1 est\u00e1 sacramentado \u00e9 o fim dos amistosos entre as sele\u00e7\u00f5es europeias, uma nova realidade que come\u00e7ar\u00e1 a vigorar a partir de setembro de 2018. A expectativa \u00e9 de que outras novidades sejam anunciadas depois das reuni\u00f5es do Conselho da Fifa, entre os dias 15 e 16 de mar\u00e7o, em Bogot\u00e1.<\/p>\n<p>No lugar dos amistosos, a Uefa criou uma Liga das Na\u00e7\u00f5es, com jogos entre as sele\u00e7\u00f5es europeias em um torneio com dura\u00e7\u00e3o de um ano. Brasil e outros n\u00e3o ter\u00e3o mais possibilidade de disputar jogos contra os europeus fora de uma Copa do Mundo. Diante dessa argumenta\u00e7\u00e3o, foi estabelecido um plano para que o novo campeonato ganhe um car\u00e1ter mundial, com a entrada da Am\u00e9rica do Sul, \u00c1frica e os demais continentes, dentro de dois anos.<\/p>\n<p>O objetivo \u00e9 dar fim a partidas amistosas que, nos \u00faltimos anos, se transformaram em m\u00e1quinas de lavagem de dinheiro, como comprova o julgamento do &#8216;caso Fifa&#8217; em curso nos Estados Unidos. Al\u00e9m disso, elas representam pouco ganho t\u00e9cnico para as equipes.<\/p>\n<p>Desde que chegou \u00e0 Fifa, em 2016, o presidente Gianni Infantino se debru\u00e7ou sobre a tarefa de modificar o esporte, com vistas a torn\u00e1-lo mais atrativo e rent\u00e1vel. &#8220;O que est\u00e1 sendo debatido \u00e9 uma revolu\u00e7\u00e3o no calend\u00e1rio do futebol&#8221;, disse um dos dirigentes que faz parte das negocia\u00e7\u00f5es.<\/p>\n<p>Segundo ele, a ideia \u00e9 tornar o futebol mais atraente para torcedores, clubes, federa\u00e7\u00f5es, TVs e patrocinadores. Mas os diferentes interesses em jogo s\u00e3o obst\u00e1culos importantes.<\/p>\n<p><strong>DISCUSS\u00c3O<\/strong><\/p>\n<p>Um dos temas mais espinhosos da proposta de reformula\u00e7\u00e3o \u00e9 o futuro do\u00a0Mundial de Clubes. Em 2018, ele ainda ser\u00e1 mantido. Mas tudo indica que ser\u00e1 uma das \u00faltimas edi\u00e7\u00f5es. Depois da final entre Real Madrid e Gr\u00eamio, as cr\u00edticas contra o torneio ganharam mais for\u00e7a. Cartolas da Uefa n\u00e3o veem atrativo comercial em uma competi\u00e7\u00e3o na qual somam nove triunfos nas \u00faltimas dez edi\u00e7\u00f5es. Pior: a audi\u00eancia de TV \u00e9 baixa na Europa.<\/p>\n<p>No \u00faltimo torneio, vencido com facilidade pelo Real Madrid, a m\u00e9dia de p\u00fablico foi de 16 mil pessoas por jogo, com partidas que chegaram a ter meros 4 mil torcedores no est\u00e1dio. Existe na Fifa um projeto de transformar o torneio em uma competi\u00e7\u00e3o entre 24 times, dos quais doze seriam europeus e com a capacidade de atrair maior audi\u00eancia de TV e, portanto, patrocinadores.<\/p>\n<p>Estariam ainda classificados os quatro \u00faltimos vencedores da Libertadores e mais um clube sul-americano melhor classificado em um ranking da Conmebol. Sete clubes viriam da \u00c1frica, \u00c1sia e Am\u00e9rica do Norte e do pa\u00eds-sede.<\/p>\n<p>Mas nem todos est\u00e3o de acordo com o novo formato proposto. Parte da Uefa n\u00e3o quer mais datas, e sim a volta de um jogo \u00fanico entre sul-americanos e europeus para definir o campe\u00e3o do mundo. Uma alternativa que apresenta a Fifa \u00e9 de que o tal Mundial ocorra apenas a cada quatro anos, evitando assim um ac\u00famulo de datas para os clubes europeus.<\/p>\n<p>O torneio, que entraria no lugar da Copa das Confedera\u00e7\u00f5es, deveria ocorrer em 2021 no Catar, local da pr\u00f3xima Copa do Mundo. Ao trocar a Copa das Confedera\u00e7\u00f5es pelo Mundial de Clubes, a Fifa mataria v\u00e1rios p\u00e1ssaros com um s\u00f3 tiro: eliminaria um torneio deficit\u00e1rio, garantiria um teste para os est\u00e1dios da Copa e resolveria o problema de falta de datas dos europeus.<\/p>\n<p><strong>PRINCIPAIS PONTOS<\/strong><\/p>\n<p><strong>Fim dos amistosos entre sele\u00e7\u00f5es a partir de setembro de 2018<\/strong><\/p>\n<p>Partidas ser\u00e3o substitu\u00eddas por um torneio chamado Liga das Na\u00e7\u00f5es. Dentro de dois anos, a liga se tornaria mundial com a entrada das sele\u00e7\u00f5es dos outros continentes.<\/p>\n<p><strong>Revis\u00e3o ampla dos torneios femininos<\/strong><\/p>\n<p>Ampla revis\u00e3o de todos os campeonatos femininos de clubes, al\u00e9m dos torneios mundiais sub- 19, sub-21 e sub-23.<\/p>\n<p><strong>Fim do Mundial de Clubes no formato atual<\/strong><\/p>\n<p>Nova vers\u00e3o ter\u00e1 24 clubes e ser\u00e1 disputada a cada quatro anos.<\/p>\n<p><strong>Fim da Copa das Confedera\u00e7\u00f5es<\/strong><\/p>\n<p>Atual torneio de sele\u00e7\u00f5es ser\u00e1 substitu\u00eddo pelo novo Mundial de Clubes, que testar\u00e1 os est\u00e1dios do pa\u00eds-sede da Copa do Mundo.<\/p>\n<p><strong>CARIRI EM A\u00c7\u00c3O<\/strong><\/p>\n<p><em>Com Estad\u00e3o\/Foto: Reprodu\u00e7\u00e3o google\u00a0\u00a0<\/em><\/p>\n<p><strong>Leia mais not\u00edcias em\u00a0<\/strong><a href=\"http:\/\/www.caririemacao.com\/\"><strong>caririemacao.com<\/strong><\/a><strong>, siga nossa p\u00e1gina no\u00a0<\/strong><a href=\"https:\/\/www.facebook.com\/CaririEmAcao\/?ref=aymt_homepage_panel\"><strong>Facebook<\/strong><\/a>,<strong>\u00a0<\/strong><a href=\"https:\/\/www.instagram.com\/cariri_em_acao\/?hl=pt-br\"><strong>Instagram<\/strong><\/a><strong>\u00a0e <\/strong><a href=\"https:\/\/www.youtube.com\/channel\/UCAptA0jQuYQy8vMhLt2m4qg\"><strong>Youtube<\/strong><\/a><strong>\u00a0e veja nossas mat\u00e9rias, v\u00eddeos e fotos. Voc\u00ea tamb\u00e9m pode enviar informa\u00e7\u00f5es \u00e0 Reda\u00e7\u00e3o do Portal Cariri em A\u00e7\u00e3o pelo WhatsApp (83) 9 9634.5791, (83) 9 9601-1162.<\/strong><\/p>\n","protected":false},"excerpt":{"rendered":"<p>Nos pr\u00f3ximos tr\u00eas meses, os dirigentes da\u00a0Fifa\u00a0ir\u00e3o tomar uma decis\u00e3o que pode modificar profundamente o calend\u00e1rio do futebol. O que j\u00e1 est\u00e1 sacramentado \u00e9 o&hellip; <\/p>\n","protected":false},"author":2,"featured_media":35984,"comment_status":"closed","ping_status":"closed","sticky":false,"template":"","format":"standard","meta":{"sfsi_plus_gutenberg_text_before_share":"","sfsi_plus_gutenberg_show_text_before_share":"","sfsi_plus_gutenberg_icon_type":"","sfsi_plus_gutenberg_icon_alignemt":"","sfsi_plus_gutenburg_max_per_row":"","footnotes":""},"categories":[13],"tags":[],"class_list":["post-35983","post","type-post","status-publish","format-standard","has-post-thumbnail","hentry","category-esportes"],"_links":{"self":[{"href":"https:\/\/www.caririemacao.com\/1\/wp-json\/wp\/v2\/posts\/35983","targetHints":{"allow":["GET"]}}],"collection":[{"href":"https:\/\/www.caririemacao.com\/1\/wp-json\/wp\/v2\/posts"}],"about":[{"href":"https:\/\/www.caririemacao.com\/1\/wp-json\/wp\/v2\/types\/post"}],"author":[{"embeddable":true,"href":"https:\/\/www.caririemacao.com\/1\/wp-json\/wp\/v2\/users\/2"}],"replies":[{"embeddable":true,"href":"https:\/\/www.caririemacao.com\/1\/wp-json\/wp\/v2\/comments?post=35983"}],"version-history":[{"count":0,"href":"https:\/\/www.caririemacao.com\/1\/wp-json\/wp\/v2\/posts\/35983\/revisions"}],"wp:featuredmedia":[{"embeddable":true,"href":"https:\/\/www.caririemacao.com\/1\/wp-json\/wp\/v2\/media\/35984"}],"wp:attachment":[{"href":"https:\/\/www.caririemacao.com\/1\/wp-json\/wp\/v2\/media?parent=35983"}],"wp:term":[{"taxonomy":"category","embeddable":true,"href":"https:\/\/www.caririemacao.com\/1\/wp-json\/wp\/v2\/categories?post=35983"},{"taxonomy":"post_tag","embeddable":true,"href":"https:\/\/www.caririemacao.com\/1\/wp-json\/wp\/v2\/tags?post=35983"}],"curies":[{"name":"wp","href":"https:\/\/api.w.org\/{rel}","templated":true}]}}