{"id":35986,"date":"2017-12-29T09:32:00","date_gmt":"2017-12-29T12:32:00","guid":{"rendered":"http:\/\/caririemacao.com\/1\/?p=35986"},"modified":"2017-12-29T09:32:00","modified_gmt":"2017-12-29T12:32:00","slug":"rn-tem-roubos-arrastoes-e-saques-apos-dez-dias-sem-policiais-nas-ruas","status":"publish","type":"post","link":"https:\/\/www.caririemacao.com\/1\/2017\/12\/29\/rn-tem-roubos-arrastoes-e-saques-apos-dez-dias-sem-policiais-nas-ruas\/","title":{"rendered":"RN tem roubos, arrast\u00f5es e saques ap\u00f3s dez dias sem policiais nas ruas"},"content":{"rendered":"<p>No dia em que os policiais militares completaram dez dias aquartelados, sem sair \u00e0s ruas, o Rio Grande do Norte viveu uma onda de arrast\u00f5es, roubos e saques nas suas principais cidades.<\/p>\n<p>Em Natal, uma loja de departamentos foi alvo de bandidos que, em arrast\u00e3o, quebraram vitrines e roubaram telefones celulares que estavam expostos para venda.<\/p>\n<p>Uma delegacia da capital tamb\u00e9m foi alvo de criminosos. Durante a madrugada, bicicletas e pe\u00e7as de motos que estavam no p\u00e1tio da delegacia foram roubadas.<\/p>\n<p>As motocicletas, que haviam sido apreendidas e estavam sob a guarda da pol\u00edcia, tiveram seus pneus levados pelos criminosos.<\/p>\n<p>Em Mossor\u00f3, segunda maior cidade do Estado, bandidos arrombaram e saquearam lojas no centro da cidade. Um carro foi utilizado para for\u00e7ar o port\u00e3o de metal de uma loja de roupas multimarcas, enquanto os assaltantes entraram e roubaram parte da mercadoria.<\/p>\n<p>Em uma outra loja, que vende roupas masculinas, a porta de vidro foi arrombada pelos bandidos, que levaram v\u00e1rias pe\u00e7as de roupas.<\/p>\n<p>&#8220;Ainda estamos contabilizando os preju\u00edzos. Levaram muita coisa&#8221;, disse \u00e0 Folha a gerente da loja, Marta Dias.<\/p>\n<p>Tamb\u00e9m houve tentativas de arrombamento de uma loja de telefones celulares e uma concession\u00e1ria de ve\u00edculos.<\/p>\n<p>Em N\u00edsia Floresta, cidade da regi\u00e3o metropolitana de Natal, o prefeito Daniel Marinho (PSDB) teve seu carro roubado por assaltantes quando chegava a um evento.<\/p>\n<p>Segundo a Secretaria de Defesa Social, foram registrados 450 roubos do Estado desde o in\u00edcio da greve, incluindo saques e arrombamentos.<\/p>\n<p>SEM POL\u00cdCIA<\/p>\n<p>Os roubos aconteceram um dia ap\u00f3s policiais aprovarem em assembleia a manuten\u00e7\u00e3o da paralisa\u00e7\u00e3o. Cerca de 8.000 policiais e 500 bombeiros militares est\u00e3o sem trabalhar.<\/p>\n<p>Um grupo de servidores iniciou um protesto no in\u00edcio da tarde desta quinta-feira (28) em frente \u00e0 governadoria. Com aux\u00edlio de um carro de som, os servidores gritavam &#8220;eu n\u00e3o sou escravo, pague o meu sal\u00e1rio&#8221;.<\/p>\n<p>Para retomar o patrulhamento das ruas, os policiais exigem que o governo reequipe os quart\u00e9is com carros e equipamentos de prote\u00e7\u00e3o individual como armas, muni\u00e7\u00f5es e coletes \u00e0 prova de bala.<\/p>\n<p>A paralisa\u00e7\u00e3o foi iniciada ap\u00f3s o governo atrasar os sal\u00e1rios de novembro e n\u00e3o pagar o d\u00e9cimo terceiro sal\u00e1rio dos policiais e de demais servidores estaduais.<\/p>\n<p>At\u00e9 ter\u00e7a-feira (26), o governo do Estado pagou o m\u00eas de novembro apenas para os policiais com rendimentos de at\u00e9 R$ 3.000, deixando 33% da tropa sem sal\u00e1rio.<\/p>\n<p>O governo potiguar negocia com o governo federal um aporte de R$ 600 milh\u00f5es para pagar os sal\u00e1rios dos servidores. A opera\u00e7\u00e3o financeira, contudo, foi vetada pelo Minist\u00e9rio da Fazenda por recomenda\u00e7\u00e3o do TCU (Tribunal de Contas de Uni\u00e3o).<\/p>\n<p>O patrulhamento das ruas das maiores cidades do Estado est\u00e1 sendo feito por 190 agentes da For\u00e7a Nacional.<\/p>\n<p>Nesta quinta-feira, o Minist\u00e9rio da Justi\u00e7a anunciou a ida de mais 30 agentes da For\u00e7a Nacional para o RN.<\/p>\n<p>Nesta semana, mesmo com a presen\u00e7a da For\u00e7a Nacional, a sensa\u00e7\u00e3o era de inseguran\u00e7a entre moradores e turistas que visitam a cidade.<\/p>\n<p>A reportagem percorreu toda a avenida na orla de Ponta Negra, a praia mais movimentada de Natal, e n\u00e3o havia nenhum policial trabalhando. As vagas de estacionamento de carros da pol\u00edcia estavam todas vazias.<\/p>\n<p>O setor de turismo, uma dos motores econ\u00f4micos do Estado, teme reflexos na ocupa\u00e7\u00e3o hoteleira no ver\u00e3o.<\/p>\n<p><strong>CARIRI EM A\u00c7\u00c3O<\/strong><\/p>\n<p><em>Com Folhapress \/Foto: Reprodu\u00e7\u00e3o google<\/em><\/p>\n<p><strong>Leia mais not\u00edcias em\u00a0<\/strong><a href=\"http:\/\/www.caririemacao.com\/\"><strong>caririemacao.com<\/strong><\/a><strong>, siga nossa p\u00e1gina no\u00a0<\/strong><a href=\"https:\/\/www.facebook.com\/CaririEmAcao\/?ref=aymt_homepage_panel\"><strong>Facebook<\/strong><\/a>,<strong>\u00a0<\/strong><a href=\"https:\/\/www.instagram.com\/cariri_em_acao\/?hl=pt-br\"><strong>Instagram<\/strong><\/a><strong>\u00a0e <\/strong><a href=\"https:\/\/www.youtube.com\/channel\/UCAptA0jQuYQy8vMhLt2m4qg\"><strong>Youtube<\/strong><\/a><strong>\u00a0e veja nossas mat\u00e9rias, v\u00eddeos e fotos. Voc\u00ea tamb\u00e9m pode enviar informa\u00e7\u00f5es \u00e0 Reda\u00e7\u00e3o do Portal Cariri em A\u00e7\u00e3o pelo WhatsApp (83) 9 9634.5791, (83) 9 9601-1162.<\/strong><\/p>\n","protected":false},"excerpt":{"rendered":"<p>No dia em que os policiais militares completaram dez dias aquartelados, sem sair \u00e0s ruas, o Rio Grande do Norte viveu uma onda de arrast\u00f5es,&hellip; <\/p>\n","protected":false},"author":2,"featured_media":35987,"comment_status":"closed","ping_status":"closed","sticky":false,"template":"","format":"standard","meta":{"sfsi_plus_gutenberg_text_before_share":"","sfsi_plus_gutenberg_show_text_before_share":"","sfsi_plus_gutenberg_icon_type":"","sfsi_plus_gutenberg_icon_alignemt":"","sfsi_plus_gutenburg_max_per_row":"","footnotes":""},"categories":[2],"tags":[],"class_list":["post-35986","post","type-post","status-publish","format-standard","has-post-thumbnail","hentry","category-geral"],"_links":{"self":[{"href":"https:\/\/www.caririemacao.com\/1\/wp-json\/wp\/v2\/posts\/35986","targetHints":{"allow":["GET"]}}],"collection":[{"href":"https:\/\/www.caririemacao.com\/1\/wp-json\/wp\/v2\/posts"}],"about":[{"href":"https:\/\/www.caririemacao.com\/1\/wp-json\/wp\/v2\/types\/post"}],"author":[{"embeddable":true,"href":"https:\/\/www.caririemacao.com\/1\/wp-json\/wp\/v2\/users\/2"}],"replies":[{"embeddable":true,"href":"https:\/\/www.caririemacao.com\/1\/wp-json\/wp\/v2\/comments?post=35986"}],"version-history":[{"count":0,"href":"https:\/\/www.caririemacao.com\/1\/wp-json\/wp\/v2\/posts\/35986\/revisions"}],"wp:featuredmedia":[{"embeddable":true,"href":"https:\/\/www.caririemacao.com\/1\/wp-json\/wp\/v2\/media\/35987"}],"wp:attachment":[{"href":"https:\/\/www.caririemacao.com\/1\/wp-json\/wp\/v2\/media?parent=35986"}],"wp:term":[{"taxonomy":"category","embeddable":true,"href":"https:\/\/www.caririemacao.com\/1\/wp-json\/wp\/v2\/categories?post=35986"},{"taxonomy":"post_tag","embeddable":true,"href":"https:\/\/www.caririemacao.com\/1\/wp-json\/wp\/v2\/tags?post=35986"}],"curies":[{"name":"wp","href":"https:\/\/api.w.org\/{rel}","templated":true}]}}