{"id":35989,"date":"2017-12-29T09:35:08","date_gmt":"2017-12-29T12:35:08","guid":{"rendered":"http:\/\/caririemacao.com\/1\/?p=35989"},"modified":"2017-12-29T09:35:08","modified_gmt":"2017-12-29T12:35:08","slug":"janot-ve-indulto-como-movimento-do-governo-contra-a-lava-jato","status":"publish","type":"post","link":"https:\/\/www.caririemacao.com\/1\/2017\/12\/29\/janot-ve-indulto-como-movimento-do-governo-contra-a-lava-jato\/","title":{"rendered":"Janot v\u00ea indulto como &#8216;movimento do governo contra a Lava Jato&#8217;"},"content":{"rendered":"<p>O ex-procurador-geral da Rep\u00fablica Rodrigo Janot afirmou em perfil de rede social nesta quinta-feira, 28, que o decreto de indulto de Natal concedido pelo presidente Michel Temer a presos &#8220;\u00e9 mais um movimento do governo contra a Lava Jato&#8221;. &#8220;Em boa hora e no ponto, a PGR Raquel Dodge prop\u00f4s a\u00e7\u00e3o de inconstitucionalidade contra o absurdo decreto baixado pelo presidente Temer, que indulta criminosos de todo o tipo, especialmente corruptos. Este \u00e9 mais um movimento do governo contra a Lava Jato&#8221;, escreveu Janot no Twitter.<\/p>\n<p>A afirma\u00e7\u00e3o coincide com a posi\u00e7\u00e3o da atual respons\u00e1vel pela Procuradoria-Geral da Rep\u00fablica (PGR), Raquel Dodge, que\u00a0solicitou na quarta-feira, 27, a suspens\u00e3o dos efeitos do decreto.\u00a0Para ela, o indulto coloca em risco a investiga\u00e7\u00e3o da for\u00e7a-tarefa da Lava Jato e\u00a0\u201cmaterializa o comportamento de que o crime compensa\u201d.<\/p>\n<p>J\u00e1 o ministro da Justi\u00e7a, Torquato Jardim, afirmou nesta quinta que\u00a0o governo n\u00e3o vai recuar da posi\u00e7\u00e3o de defesa do decreto,\u00a0\u201csalvo por ordem judicial\u201d do STF.\u00a0Em artigo publicado nesta quinta no jornal\u00a0O Globo, Torquato diz\u00a0que o decreto \u201ctra\u00e7a uma linha de corte absolutamente clara em 25 de dezembro de 2017\u201d. \u201c\u00c9 \u00f3bvio, mas n\u00e3o custa reiterar: s\u00f3 condenados at\u00e9 esta data enquadrados nas regras do indulto ter\u00e3o sua penas perdoadas\u201d, escreveu. \u201cAfirmar, portanto, que o decreto beneficiar\u00e1 no futuro indiv\u00edduos hoje investigados, denunciados ou mesmo processados, esteja ele ou n\u00e3o ligado \u00e0 Opera\u00e7\u00e3o Lava Jato, configura ignor\u00e2ncia ou m\u00e1-f\u00e9\u201d, completou.<\/p>\n<p>Ele recha\u00e7ou\u00a0a vers\u00e3o de que ele favoreceria condenados da Lava Jato. \u201cAs cr\u00edticas severas que de pronto surgiram omitem valores e pressupostos fundamentais do instituto e dos crit\u00e9rios adotados. Imputam maliciosamente ao decreto prop\u00f3sitos at\u00e9 mesmo de ilicitude e manipula\u00e7\u00e3o. Nada mais longe da verdade\u201d, disse.<\/p>\n<p>Torquato tamb\u00e9m afirmou em seu artigo que \u201cn\u00e3o h\u00e1 que se confundir Lava Jato com indulto\u201d. \u201cN\u00e3o h\u00e1 qualquer rela\u00e7\u00e3o de causa e efeito. Lava Jato \u00e9 uma s\u00e9rie de processos administrativos ou judiciais de investiga\u00e7\u00e3o ora em curso ou na Pol\u00edcia Federal ou no Minist\u00e9rio P\u00fablico Federal. Processos sem conclus\u00e3o, donde sem senten\u00e7a judicial. Logo, processo administrativo da Lava Jato n\u00e3o \u00e9 objeto de indulto. O indulto pressup\u00f5e decis\u00e3o judicial \u2013 ainda que n\u00e3o definitiva\u201d, disse.<\/p>\n<p>Torquato destaca ainda que indulto \u00e9 ato de clem\u00eancia do presidente da Rep\u00fablica por expressa norma constitucional. \u201cN\u00e3o depende de vontade judicial nem de alvitre do Minist\u00e9rio P\u00fablico\u201d, escreve o ministro. \u00a0\u201cAssim, neste Natal, como em todo ano, o presidente da Rep\u00fablica editou decreto de indulto.\u201d<\/p>\n<p>A a\u00e7\u00e3o deve ser analisada pela presidente da Corte, C\u00e1rmen L\u00facia, que est\u00e1 no plant\u00e3o deste recesso do Judici\u00e1rio, ainda nesta quinta-feira, 28,\u00a0conforme a\u00a0Coluna do Estad\u00e3o.\u00a0A\u00a0 tend\u00eancia \u00e9 ela atender ao pedido da PGR para tornar sem efeito o ato do presidente da Rep\u00fablica.<\/p>\n<p><strong>CARIRI EM A\u00c7\u00c3O<\/strong><\/p>\n<p><em>Com Estad\u00e3o \/Foto: Reprodu\u00e7\u00e3o google<\/em><\/p>\n<p><strong>Leia mais not\u00edcias em\u00a0<\/strong><a href=\"http:\/\/www.caririemacao.com\/\"><strong>caririemacao.com<\/strong><\/a><strong>, siga nossa p\u00e1gina no\u00a0<\/strong><a href=\"https:\/\/www.facebook.com\/CaririEmAcao\/?ref=aymt_homepage_panel\"><strong>Facebook<\/strong><\/a>,<strong>\u00a0<\/strong><a href=\"https:\/\/www.instagram.com\/cariri_em_acao\/?hl=pt-br\"><strong>Instagram<\/strong><\/a><strong>\u00a0e <\/strong><a href=\"https:\/\/www.youtube.com\/channel\/UCAptA0jQuYQy8vMhLt2m4qg\"><strong>Youtube<\/strong><\/a><strong>\u00a0e veja nossas mat\u00e9rias, v\u00eddeos e fotos. Voc\u00ea tamb\u00e9m pode enviar informa\u00e7\u00f5es \u00e0 Reda\u00e7\u00e3o do Portal Cariri em A\u00e7\u00e3o pelo WhatsApp (83) 9 9634.5791, (83) 9 9601-1162.<\/strong><\/p>\n","protected":false},"excerpt":{"rendered":"<p>O ex-procurador-geral da Rep\u00fablica Rodrigo Janot afirmou em perfil de rede social nesta quinta-feira, 28, que o decreto de indulto de Natal concedido pelo presidente&hellip; <\/p>\n","protected":false},"author":2,"featured_media":16947,"comment_status":"closed","ping_status":"closed","sticky":false,"template":"","format":"standard","meta":{"sfsi_plus_gutenberg_text_before_share":"","sfsi_plus_gutenberg_show_text_before_share":"","sfsi_plus_gutenberg_icon_type":"","sfsi_plus_gutenberg_icon_alignemt":"","sfsi_plus_gutenburg_max_per_row":"","footnotes":""},"categories":[11],"tags":[],"class_list":["post-35989","post","type-post","status-publish","format-standard","has-post-thumbnail","hentry","category-politica"],"_links":{"self":[{"href":"https:\/\/www.caririemacao.com\/1\/wp-json\/wp\/v2\/posts\/35989","targetHints":{"allow":["GET"]}}],"collection":[{"href":"https:\/\/www.caririemacao.com\/1\/wp-json\/wp\/v2\/posts"}],"about":[{"href":"https:\/\/www.caririemacao.com\/1\/wp-json\/wp\/v2\/types\/post"}],"author":[{"embeddable":true,"href":"https:\/\/www.caririemacao.com\/1\/wp-json\/wp\/v2\/users\/2"}],"replies":[{"embeddable":true,"href":"https:\/\/www.caririemacao.com\/1\/wp-json\/wp\/v2\/comments?post=35989"}],"version-history":[{"count":0,"href":"https:\/\/www.caririemacao.com\/1\/wp-json\/wp\/v2\/posts\/35989\/revisions"}],"wp:featuredmedia":[{"embeddable":true,"href":"https:\/\/www.caririemacao.com\/1\/wp-json\/wp\/v2\/media\/16947"}],"wp:attachment":[{"href":"https:\/\/www.caririemacao.com\/1\/wp-json\/wp\/v2\/media?parent=35989"}],"wp:term":[{"taxonomy":"category","embeddable":true,"href":"https:\/\/www.caririemacao.com\/1\/wp-json\/wp\/v2\/categories?post=35989"},{"taxonomy":"post_tag","embeddable":true,"href":"https:\/\/www.caririemacao.com\/1\/wp-json\/wp\/v2\/tags?post=35989"}],"curies":[{"name":"wp","href":"https:\/\/api.w.org\/{rel}","templated":true}]}}