{"id":35995,"date":"2017-12-29T09:54:06","date_gmt":"2017-12-29T12:54:06","guid":{"rendered":"http:\/\/caririemacao.com\/1\/?p=35995"},"modified":"2017-12-29T09:54:06","modified_gmt":"2017-12-29T12:54:06","slug":"resultado-final-do-concurso-da-educacao-da-paraiba-e-divulgado","status":"publish","type":"post","link":"https:\/\/www.caririemacao.com\/1\/2017\/12\/29\/resultado-final-do-concurso-da-educacao-da-paraiba-e-divulgado\/","title":{"rendered":"Resultado final do concurso da Educa\u00e7\u00e3o da Para\u00edba \u00e9 divulgado"},"content":{"rendered":"<div class=\"mc-column content-media content-media--normal  content-photo\" data-block-type=\"backstage-photo\" data-block-id=\"0\">\n<div class=\"content-media__container\">\n<div class=\"content-media__description-centered \">\n<p class=\"content-media__description\">A lista final com a classifica\u00e7\u00e3o dos aprovados no concurso para professor da rede estadual da Para\u00edba foi divulgado\u00a0<a href=\"http:\/\/static.paraiba.pb.gov.br\/2017\/12\/Diario-Oficial-29-12-2017.pdf\" target=\"_blank\" rel=\"noopener\">no Di\u00e1rio Oficial da Para\u00edba desta sexta-feira (29), a partir da p\u00e1gina 15<\/a>. A\u00a0prova aconteceu no dia 3 de dezembro, para mais de 28 mil inscritos, nas cidades sede das 14 Ger\u00eancias Regionais de Educa\u00e7\u00e3o. O concurso ofereceu 1 mil vagas para professor.<\/p>\n<\/div>\n<\/div>\n<\/div>\n<div class=\"mc-column content-text active-extra-styles \" data-block-type=\"unstyled\" data-block-weight=\"53\" data-block-id=\"4\">\n<p class=\"content-text__container \" data-track-category=\"Link no Texto\" data-track-links=\"\">provas objetivas ap\u00f3s a an\u00e1lise dos pedidos de revis\u00e3o da lista preliminar. Segundo o edital, os candidatos eliminados nesta prova podem consultar a pontua\u00e7\u00e3o individual em um espa\u00e7o\u00a0<a href=\"https:\/\/www.ibade.org.br\/Concurso\/360\/Inicio\" target=\"_blank\" rel=\"noopener\">dispon\u00edvel no site da organizadora<\/a>, bem como as respostas aos pedidos de revis\u00e3o.<\/p>\n<\/div>\n<div class=\"mc-column content-text active-extra-styles \" data-block-type=\"unstyled\" data-block-weight=\"72\" data-block-id=\"5\">\n<p class=\"content-text__container \" data-track-category=\"Link no Texto\" data-track-links=\"\">O cronograma previsto no edital do concurso, devidamente retificado, indica que o per\u00edodo para etapa seguinte do certame, a apresenta\u00e7\u00e3o de t\u00edtulos come\u00e7a no dia 2 de janeiro e vai at\u00e9 o dia 4 de janeiro, das 9h \u00e0s 12h e das 13h \u00e0s 17h (hor\u00e1rios da Para\u00edba). As informa\u00e7\u00f5es sobre como apresentar os t\u00edtulos e os locais constam na p\u00e1gina 93 da edi\u00e7\u00e3o Di\u00e1rio Oficial do Estado da Para\u00edba desta sexta.<\/p>\n<\/div>\n<div class=\"mc-column content-text active-extra-styles \" data-block-type=\"unstyled\" data-block-weight=\"52\" data-block-id=\"6\">\n<p class=\"content-text__container \" data-track-category=\"Link no Texto\" data-track-links=\"\">Ainda segundo o edital, no dia 17 de janeiro de 2018 deve ser divulgado o resultado preliminar da prova de t\u00edtulos, cuja revis\u00e3o acontece nos dias 18 e 19 de janeiro. O resultado final do concurso da educa\u00e7\u00e3o da Para\u00edba est\u00e1 pevisto para ser divulgado no dia 26 de janeiro de 2018.<\/p>\n<\/div>\n<div data-track-category=\"fim do conteudo\" data-track-action=\"ultimo chunk conteudo\" data-track-noninteraction=\"false\" data-track-scroll=\"entrada completa viewport\">\n<div class=\"mc-column content-text active-extra-styles \" data-block-type=\"unstyled\" data-block-weight=\"37\" data-block-id=\"7\">\n<p class=\"content-text__container \" data-track-category=\"Link no Texto\" data-track-links=\"\">As vagas do concurso s\u00e3o para 12 disciplinas do ensino m\u00e9dio e est\u00e3o distribu\u00eddas nas 14 Ger\u00eancias Regionais de Educa\u00e7\u00e3o. O vencimento previsto pelo edital \u00e9 de R$ 1.896,51 para uma carga hor\u00e1ria de 30 horas semanais.<\/p>\n<\/div>\n<\/div>\n<div class=\"content-ads content-ads--reveal\" data-block-type=\"ads\" data-block-id=\"8\"><strong>CARIRI EM A\u00c7\u00c3O<\/strong><em>Com G1 \/Foto: Reprodu\u00e7\u00e3o google<\/em><\/p>\n<p><strong>Leia mais not\u00edcias em\u00a0<\/strong><a href=\"http:\/\/www.caririemacao.com\/\"><strong>caririemacao.com<\/strong><\/a><strong>, siga nossa p\u00e1gina no\u00a0<\/strong><a href=\"https:\/\/www.facebook.com\/CaririEmAcao\/?ref=aymt_homepage_panel\"><strong>Facebook<\/strong><\/a>,<strong>\u00a0<\/strong><a href=\"https:\/\/www.instagram.com\/cariri_em_acao\/?hl=pt-br\"><strong>Instagram<\/strong><\/a><strong>\u00a0e <\/strong><a href=\"https:\/\/www.youtube.com\/channel\/UCAptA0jQuYQy8vMhLt2m4qg\"><strong>Youtube<\/strong><\/a><strong>\u00a0e veja nossas mat\u00e9rias, v\u00eddeos e fotos. Voc\u00ea tamb\u00e9m pode enviar informa\u00e7\u00f5es \u00e0 Reda\u00e7\u00e3o do Portal Cariri em A\u00e7\u00e3o pelo WhatsApp (83) 9 9634.5791, (83) 9 9601-1162.<\/strong><\/p>\n<\/div>\n","protected":false},"excerpt":{"rendered":"<p>A lista final com a classifica\u00e7\u00e3o dos aprovados no concurso para professor da rede estadual da Para\u00edba foi divulgado\u00a0no Di\u00e1rio Oficial da Para\u00edba desta sexta-feira&hellip; <\/p>\n","protected":false},"author":2,"featured_media":35996,"comment_status":"closed","ping_status":"closed","sticky":false,"template":"","format":"standard","meta":{"sfsi_plus_gutenberg_text_before_share":"","sfsi_plus_gutenberg_show_text_before_share":"","sfsi_plus_gutenberg_icon_type":"","sfsi_plus_gutenberg_icon_alignemt":"","sfsi_plus_gutenburg_max_per_row":"","footnotes":""},"categories":[14],"tags":[],"class_list":["post-35995","post","type-post","status-publish","format-standard","has-post-thumbnail","hentry","category-educacao"],"_links":{"self":[{"href":"https:\/\/www.caririemacao.com\/1\/wp-json\/wp\/v2\/posts\/35995","targetHints":{"allow":["GET"]}}],"collection":[{"href":"https:\/\/www.caririemacao.com\/1\/wp-json\/wp\/v2\/posts"}],"about":[{"href":"https:\/\/www.caririemacao.com\/1\/wp-json\/wp\/v2\/types\/post"}],"author":[{"embeddable":true,"href":"https:\/\/www.caririemacao.com\/1\/wp-json\/wp\/v2\/users\/2"}],"replies":[{"embeddable":true,"href":"https:\/\/www.caririemacao.com\/1\/wp-json\/wp\/v2\/comments?post=35995"}],"version-history":[{"count":0,"href":"https:\/\/www.caririemacao.com\/1\/wp-json\/wp\/v2\/posts\/35995\/revisions"}],"wp:featuredmedia":[{"embeddable":true,"href":"https:\/\/www.caririemacao.com\/1\/wp-json\/wp\/v2\/media\/35996"}],"wp:attachment":[{"href":"https:\/\/www.caririemacao.com\/1\/wp-json\/wp\/v2\/media?parent=35995"}],"wp:term":[{"taxonomy":"category","embeddable":true,"href":"https:\/\/www.caririemacao.com\/1\/wp-json\/wp\/v2\/categories?post=35995"},{"taxonomy":"post_tag","embeddable":true,"href":"https:\/\/www.caririemacao.com\/1\/wp-json\/wp\/v2\/tags?post=35995"}],"curies":[{"name":"wp","href":"https:\/\/api.w.org\/{rel}","templated":true}]}}