{"id":36005,"date":"2017-12-29T10:12:20","date_gmt":"2017-12-29T13:12:20","guid":{"rendered":"http:\/\/caririemacao.com\/1\/?p=36005"},"modified":"2017-12-29T10:12:20","modified_gmt":"2017-12-29T13:12:20","slug":"candidatura-de-lula-sera-apos-julgamento","status":"publish","type":"post","link":"https:\/\/www.caririemacao.com\/1\/2017\/12\/29\/candidatura-de-lula-sera-apos-julgamento\/","title":{"rendered":"Candidatura de Lula ser\u00e1 ap\u00f3s julgamento"},"content":{"rendered":"<p>Um dia ap\u00f3s o julgamento do ex-presidente Luiz In\u00e1cio Lula da Silva no Tribunal Regional Federal da 4\u00aa Regi\u00e3o (TRF-4), em Porto Alegre, marcado para o dia 24 de janeiro, o PT relan\u00e7ar\u00e1 a candidatura dele \u00e0 Presid\u00eancia da Rep\u00fablica em 2018.<\/p>\n<p>De acordo com informa\u00e7\u00f5es da coluna Painel, da Folha de S. Paulo, o an\u00fancio deve ser feito durante uma reuni\u00e3o ampliada da executiva da sigla. Senadores, deputados e governadores j\u00e1 foram convocados para o evento.<\/p>\n<p>Embora haja a expectativa de que o ex-presidente ter\u00e1 a pena de 9 anos e meio de pris\u00e3o confirmada pelo tribunal, a ideia do partido \u00e9 mostrar apoio a Lula, al\u00e9m de apresentar-se como um gesto de resist\u00eancia.<\/p>\n<p>Outras a\u00e7\u00f5es tamb\u00e9m est\u00e3o sendo planejadas para os dias que antecedem o julgamento. A capital do Rio Grande do Sul ir\u00e1 receber militantes a partir do dia 20 de janeiro, quando ser\u00e1 instalado um acampamento do MST. Al\u00e9m disso, est\u00e1 prevista a chegada de caravanas de diversos munic\u00edpios e estados.<\/p>\n<p>J\u00e1 no dia 22, juristas brasileiros e estrangeiros de renome realizar\u00e3o um grande debate p\u00fablico, com o objetivo de discutir o processo movido contra Lula.<\/p>\n<p>No dia seguinte, em 23 de janeiro, as secretarias de mulheres do Partido dos Trabalhadores promover\u00e3o um potente ato com a presen\u00e7a da ex-presidente Dilma Rousseff e da ex-ministra Eleonora Menicucci. Na mesma data, ter\u00e1 in\u00edcio uma vig\u00edlia nacional que, segundo os organizados, defender\u00e1 a democracia, a justi\u00e7a e Lula.<\/p>\n<p>J\u00e1 no dia 25, ocorrer\u00e1 um grande ato pol\u00edtico-cultural. \u201cVamos provar que este processo \u00e9 uma farsa e que Lula tem direito de ser presidente de novo\u201d, refor\u00e7a o presidente do PT-RS, Pepe Vargas.<\/p>\n<p>\u201cO TRF-4 ser\u00e1 uma das batalhas que enfrentarmos neste 2018\u201d, ressalta o vice-presidente do PT Nacional, Alexandre Padilha. \u201c\u00c9 por isso que, no dia 25, o PT reunir\u00e1 seu Diret\u00f3rio Nacional e parlamentares de todo o pa\u00eds para reafirmar o nome de Lula como \u00fanica op\u00e7\u00e3o para a candidatura \u00e0 Presid\u00eancia da Rep\u00fablica nas elei\u00e7\u00f5es de outubro\u201d.<\/p>\n<p><strong>CARIRI EM A\u00c7\u00c3O<\/strong><\/p>\n<p><em>Com Not\u00edcias ao Minuto\/Foto: Reprodu\u00e7\u00e3o google<\/em><\/p>\n<p><strong>Leia mais not\u00edcias em\u00a0<\/strong><a href=\"http:\/\/www.caririemacao.com\/\"><strong>caririemacao.com<\/strong><\/a><strong>, siga nossa p\u00e1gina no\u00a0<\/strong><a href=\"https:\/\/www.facebook.com\/CaririEmAcao\/?ref=aymt_homepage_panel\"><strong>Facebook<\/strong><\/a>,<strong>\u00a0<\/strong><a href=\"https:\/\/www.instagram.com\/cariri_em_acao\/?hl=pt-br\"><strong>Instagram<\/strong><\/a><strong>\u00a0e <\/strong><a href=\"https:\/\/www.youtube.com\/channel\/UCAptA0jQuYQy8vMhLt2m4qg\"><strong>Youtube<\/strong><\/a><strong>\u00a0e veja nossas mat\u00e9rias, v\u00eddeos e fotos. Voc\u00ea tamb\u00e9m pode enviar informa\u00e7\u00f5es \u00e0 Reda\u00e7\u00e3o do Portal Cariri em A\u00e7\u00e3o pelo WhatsApp (83) 9 9634.5791, (83) 9 9601-1162.<\/strong><\/p>\n","protected":false},"excerpt":{"rendered":"<p>Um dia ap\u00f3s o julgamento do ex-presidente Luiz In\u00e1cio Lula da Silva no Tribunal Regional Federal da 4\u00aa Regi\u00e3o (TRF-4), em Porto Alegre, marcado para&hellip; <\/p>\n","protected":false},"author":2,"featured_media":15945,"comment_status":"closed","ping_status":"closed","sticky":false,"template":"","format":"standard","meta":{"sfsi_plus_gutenberg_text_before_share":"","sfsi_plus_gutenberg_show_text_before_share":"","sfsi_plus_gutenberg_icon_type":"","sfsi_plus_gutenberg_icon_alignemt":"","sfsi_plus_gutenburg_max_per_row":"","footnotes":""},"categories":[1],"tags":[],"class_list":["post-36005","post","type-post","status-publish","format-standard","has-post-thumbnail","hentry","category-o-site"],"_links":{"self":[{"href":"https:\/\/www.caririemacao.com\/1\/wp-json\/wp\/v2\/posts\/36005","targetHints":{"allow":["GET"]}}],"collection":[{"href":"https:\/\/www.caririemacao.com\/1\/wp-json\/wp\/v2\/posts"}],"about":[{"href":"https:\/\/www.caririemacao.com\/1\/wp-json\/wp\/v2\/types\/post"}],"author":[{"embeddable":true,"href":"https:\/\/www.caririemacao.com\/1\/wp-json\/wp\/v2\/users\/2"}],"replies":[{"embeddable":true,"href":"https:\/\/www.caririemacao.com\/1\/wp-json\/wp\/v2\/comments?post=36005"}],"version-history":[{"count":0,"href":"https:\/\/www.caririemacao.com\/1\/wp-json\/wp\/v2\/posts\/36005\/revisions"}],"wp:featuredmedia":[{"embeddable":true,"href":"https:\/\/www.caririemacao.com\/1\/wp-json\/wp\/v2\/media\/15945"}],"wp:attachment":[{"href":"https:\/\/www.caririemacao.com\/1\/wp-json\/wp\/v2\/media?parent=36005"}],"wp:term":[{"taxonomy":"category","embeddable":true,"href":"https:\/\/www.caririemacao.com\/1\/wp-json\/wp\/v2\/categories?post=36005"},{"taxonomy":"post_tag","embeddable":true,"href":"https:\/\/www.caririemacao.com\/1\/wp-json\/wp\/v2\/tags?post=36005"}],"curies":[{"name":"wp","href":"https:\/\/api.w.org\/{rel}","templated":true}]}}