{"id":36006,"date":"2017-12-29T10:12:07","date_gmt":"2017-12-29T13:12:07","guid":{"rendered":"http:\/\/caririemacao.com\/1\/?p=36006"},"modified":"2017-12-29T10:12:07","modified_gmt":"2017-12-29T13:12:07","slug":"desemprego-cai-para-12-em-novembro-aponta-ibge","status":"publish","type":"post","link":"https:\/\/www.caririemacao.com\/1\/2017\/12\/29\/desemprego-cai-para-12-em-novembro-aponta-ibge\/","title":{"rendered":"Desemprego cai para 12% em novembro, aponta IBGE"},"content":{"rendered":"<p>A\u00a0taxa de desemprego no pa\u00eds no trimestre encerrado em novembro caiu para 12%, divulgou o IBGE nesta sexta-feira (29). O indicador veio abaixo do registrado no trimestre imediatamente anterior, encerrado em agosto, quando a taxa esteve em 12,6%.<\/p>\n<p>Os dados s\u00e3o da Pnad Cont\u00ednua, pesquisa de abrang\u00eancia nacional no IBGE, que registra empregos formais e informais no pa\u00eds.<\/p>\n<p>Novembro foi o m\u00eas em que entrou em vigor as novas regras trabalhistas no Brasil. Pelos dados do Caged, pesquisa sobre trabalho formal do Minist\u00e9rio do Trabalho, houve em novembro o fechamento de 12,3 mil vagas com carteira assinada pa\u00eds.<\/p>\n<p>A pesquisa do IBGE, contudo, \u00e9 mais abrangente e investiga o mercado de trabalho por per\u00edodos de tr\u00eas meses. Por isso que uma pesquisa mostra fechamento de vagas enquanto outra registra queda no desemprego.<\/p>\n<p>Pelos dados da Pnad Cont\u00ednua, a popula\u00e7\u00e3o ocupada no pa\u00eds encerrou novembro em 91,9 milh\u00f5es de pessoas. O dado, que inclui vagas com e sem carteira assinada, teve alta de 1% em rela\u00e7\u00e3o ao trimestre encerrado em agosto. No total, 887 mil novas pessoas encontraram um trabalho em novembro.<\/p>\n<p>De acordo com o IBGE, a alta ocorreu, principalmente, devido \u00e0s contrata\u00e7\u00f5es de final de ano do com\u00e9rcio e tamb\u00e9m pelo cont\u00ednuo aumento da informalidade. Desde o in\u00edcio deste ano que o desemprego cai a medida que s\u00e3o criadas vagas informais, como trabalhos sem carteira assinada ou por conta pr\u00f3pria. S\u00e3o vagas com menos prote\u00e7\u00f5es da lei trabalhista.<\/p>\n<p>O trabalho sem carteira assinada cresceu 3,8% no per\u00edodo. Ao todo, 411 mil pessoas passaram ao emprego sem carteira em novembro, totalizando 11,2 milh\u00f5es de brasileiros nessa condi\u00e7\u00e3o.<\/p>\n<p>As contrata\u00e7\u00f5es do com\u00e9rcio ocorrem, em parte, porque o Natal deste ano foi melhor em vendas do que per\u00edodos passados em raz\u00e3o da melhora da economia, ainda que lenta e gradual, e tamb\u00e9m da libera\u00e7\u00e3o, por exemplo, do dinheiro das contas inativas do FGTS \u00e0 popula\u00e7\u00e3o. Segundo a Serasa Experian, as vendas de Natal em 2017 foram 5,6% melhores que as de 2016, interrompendo sequ\u00eancia de tr\u00eas anos de quedas.<\/p>\n<p>A queda na taxa de desemprego refletiu tamb\u00e9m queda na popula\u00e7\u00e3o desocupada, que s\u00e3o as pessoas desempregadas, mas que est\u00e3o em busca de coloca\u00e7\u00e3o no mercado.<\/p>\n<p>A popula\u00e7\u00e3o desocupada encerrou novembro em 12,6 milh\u00f5es de pessoas, queda de 4,1% (ou 543 mil pessoas a menos) frente ao trimestre encerrado em agosto.<\/p>\n<p>O contingente de trabalhadores com carteira assinada e por conta pr\u00f3pria n\u00e3o teve varia\u00e7\u00f5es significativas no per\u00edodo.<\/p>\n<p><strong>Ano<\/strong><\/p>\n<p>O desemprego registrou leve melhora na base de compara\u00e7\u00e3o anual, algo que n\u00e3o havia sido visto ainda nas divulga\u00e7\u00f5es anteriores.<\/p>\n<p>A taxa de desemprego no trimestre encerrado em novembro de 2016 foi de 11,9%. Com informa\u00e7\u00f5es da Folhapress.<\/p>\n<p><strong>CARIRI EM A\u00c7\u00c3O<\/strong><\/p>\n<p><em>Com\u00a0Not\u00edcias ao Minuto\/Foto: Reprodu\u00e7\u00e3o google<\/em><\/p>\n<p><strong>Leia mais not\u00edcias em\u00a0<\/strong><a href=\"http:\/\/www.caririemacao.com\/\"><strong>caririemacao.com<\/strong><\/a><strong>, siga nossa p\u00e1gina no\u00a0<\/strong><a href=\"https:\/\/www.facebook.com\/CaririEmAcao\/?ref=aymt_homepage_panel\"><strong>Facebook<\/strong><\/a>,<strong>\u00a0<\/strong><a href=\"https:\/\/www.instagram.com\/cariri_em_acao\/?hl=pt-br\"><strong>Instagram<\/strong><\/a><strong>\u00a0e <\/strong><a href=\"https:\/\/www.youtube.com\/channel\/UCAptA0jQuYQy8vMhLt2m4qg\"><strong>Youtube<\/strong><\/a><strong>\u00a0e veja nossas mat\u00e9rias, v\u00eddeos e fotos. Voc\u00ea tamb\u00e9m pode enviar informa\u00e7\u00f5es \u00e0 Reda\u00e7\u00e3o do Portal Cariri em A\u00e7\u00e3o pelo WhatsApp (83) 9 9634.5791, (83) 9 9601-1162.<\/strong><\/p>\n","protected":false},"excerpt":{"rendered":"<p>A\u00a0taxa de desemprego no pa\u00eds no trimestre encerrado em novembro caiu para 12%, divulgou o IBGE nesta sexta-feira (29). O indicador veio abaixo do registrado&hellip; <\/p>\n","protected":false},"author":2,"featured_media":9978,"comment_status":"closed","ping_status":"closed","sticky":false,"template":"","format":"standard","meta":{"sfsi_plus_gutenberg_text_before_share":"","sfsi_plus_gutenberg_show_text_before_share":"","sfsi_plus_gutenberg_icon_type":"","sfsi_plus_gutenberg_icon_alignemt":"","sfsi_plus_gutenburg_max_per_row":"","footnotes":""},"categories":[2],"tags":[],"class_list":["post-36006","post","type-post","status-publish","format-standard","has-post-thumbnail","hentry","category-geral"],"_links":{"self":[{"href":"https:\/\/www.caririemacao.com\/1\/wp-json\/wp\/v2\/posts\/36006","targetHints":{"allow":["GET"]}}],"collection":[{"href":"https:\/\/www.caririemacao.com\/1\/wp-json\/wp\/v2\/posts"}],"about":[{"href":"https:\/\/www.caririemacao.com\/1\/wp-json\/wp\/v2\/types\/post"}],"author":[{"embeddable":true,"href":"https:\/\/www.caririemacao.com\/1\/wp-json\/wp\/v2\/users\/2"}],"replies":[{"embeddable":true,"href":"https:\/\/www.caririemacao.com\/1\/wp-json\/wp\/v2\/comments?post=36006"}],"version-history":[{"count":0,"href":"https:\/\/www.caririemacao.com\/1\/wp-json\/wp\/v2\/posts\/36006\/revisions"}],"wp:featuredmedia":[{"embeddable":true,"href":"https:\/\/www.caririemacao.com\/1\/wp-json\/wp\/v2\/media\/9978"}],"wp:attachment":[{"href":"https:\/\/www.caririemacao.com\/1\/wp-json\/wp\/v2\/media?parent=36006"}],"wp:term":[{"taxonomy":"category","embeddable":true,"href":"https:\/\/www.caririemacao.com\/1\/wp-json\/wp\/v2\/categories?post=36006"},{"taxonomy":"post_tag","embeddable":true,"href":"https:\/\/www.caririemacao.com\/1\/wp-json\/wp\/v2\/tags?post=36006"}],"curies":[{"name":"wp","href":"https:\/\/api.w.org\/{rel}","templated":true}]}}