{"id":36009,"date":"2017-12-29T10:14:49","date_gmt":"2017-12-29T13:14:49","guid":{"rendered":"http:\/\/caririemacao.com\/1\/?p=36009"},"modified":"2017-12-29T10:14:49","modified_gmt":"2017-12-29T13:14:49","slug":"governo-federal-muda-regra-que-inibia-fiscalizacao-do-trabalho-escravo","status":"publish","type":"post","link":"https:\/\/www.caririemacao.com\/1\/2017\/12\/29\/governo-federal-muda-regra-que-inibia-fiscalizacao-do-trabalho-escravo\/","title":{"rendered":"Governo Federal muda regra que inibia fiscaliza\u00e7\u00e3o do trabalho escravo"},"content":{"rendered":"<p>Em nova portaria sobre trabalho escravo publicada nesta sexta-feira (29), o governo tornou mais rigorosas as defini\u00e7\u00f5es de jornada exaustiva e condi\u00e7\u00e3o degradante do trabalhador, al\u00e9m de ampliar outros conceitos para configura\u00e7\u00e3o desse tipo de m\u00e3o de obra. Tamb\u00e9m retirou a exig\u00eancia da autoriza\u00e7\u00e3o do ministro do Trabalho para divulga\u00e7\u00e3o da lista suja das empresas autuadas por manter trabalhadores em condi\u00e7\u00e3o de escravid\u00e3o.<\/p>\n<p>Com as mudan\u00e7as, auditores do trabalho voltam a ter mais possibilidades de enquadrar um empregador como explorador de m\u00e3o de obra an\u00e1loga \u00e0 escravid\u00e3o.<\/p>\n<p>A nova regra atualiza uma portaria publicada pelo Minist\u00e9rio do Trabalho em outubro, que causou pol\u00eamica por ter sido considerada branda nas defini\u00e7\u00f5es de trabalho an\u00e1logo \u00e0 escravid\u00e3o, al\u00e9m de ter determinado a autoriza\u00e7\u00e3o do ministro para divulga\u00e7\u00e3o da lista suja.<\/p>\n<p>A primeira portaria, questionada no Supremo Tribunal Federal pela Procuradoria Geral da Rep\u00fablica, foi bastante critica por se restringir ao direito de ir e vir na caracteriza\u00e7\u00e3o da jornada exaustiva e das condi\u00e7\u00f5es degradantes. Agora, o termo foi substitu\u00eddo por viola\u00e7\u00f5es aos direitos fundamentais do trabalhador e outros exemplos de explora\u00e7\u00e3o indevida da m\u00e3o de obra.<\/p>\n<p><strong>CARIRI EM A\u00c7\u00c3O<\/strong><\/p>\n<p><em>Com G1 \/Foto: Reprodu\u00e7\u00e3o google<\/em><\/p>\n<p><strong>Leia mais not\u00edcias em\u00a0<\/strong><a href=\"http:\/\/www.caririemacao.com\/\"><strong>caririemacao.com<\/strong><\/a><strong>, siga nossa p\u00e1gina no\u00a0<\/strong><a href=\"https:\/\/www.facebook.com\/CaririEmAcao\/?ref=aymt_homepage_panel\"><strong>Facebook<\/strong><\/a>,<strong>\u00a0<\/strong><a href=\"https:\/\/www.instagram.com\/cariri_em_acao\/?hl=pt-br\"><strong>Instagram<\/strong><\/a><strong>\u00a0e <\/strong><a href=\"https:\/\/www.youtube.com\/channel\/UCAptA0jQuYQy8vMhLt2m4qg\"><strong>Youtube<\/strong><\/a><strong>\u00a0e veja nossas mat\u00e9rias, v\u00eddeos e fotos. Voc\u00ea tamb\u00e9m pode enviar informa\u00e7\u00f5es \u00e0 Reda\u00e7\u00e3o do Portal Cariri em A\u00e7\u00e3o pelo WhatsApp (83) 9 9634.5791, (83) 9 9601-1162.<\/strong><\/p>\n","protected":false},"excerpt":{"rendered":"<p>Em nova portaria sobre trabalho escravo publicada nesta sexta-feira (29), o governo tornou mais rigorosas as defini\u00e7\u00f5es de jornada exaustiva e condi\u00e7\u00e3o degradante do trabalhador,&hellip; <\/p>\n","protected":false},"author":2,"featured_media":12174,"comment_status":"closed","ping_status":"closed","sticky":false,"template":"","format":"standard","meta":{"sfsi_plus_gutenberg_text_before_share":"","sfsi_plus_gutenberg_show_text_before_share":"","sfsi_plus_gutenberg_icon_type":"","sfsi_plus_gutenberg_icon_alignemt":"","sfsi_plus_gutenburg_max_per_row":"","footnotes":""},"categories":[11],"tags":[],"class_list":["post-36009","post","type-post","status-publish","format-standard","has-post-thumbnail","hentry","category-politica"],"_links":{"self":[{"href":"https:\/\/www.caririemacao.com\/1\/wp-json\/wp\/v2\/posts\/36009","targetHints":{"allow":["GET"]}}],"collection":[{"href":"https:\/\/www.caririemacao.com\/1\/wp-json\/wp\/v2\/posts"}],"about":[{"href":"https:\/\/www.caririemacao.com\/1\/wp-json\/wp\/v2\/types\/post"}],"author":[{"embeddable":true,"href":"https:\/\/www.caririemacao.com\/1\/wp-json\/wp\/v2\/users\/2"}],"replies":[{"embeddable":true,"href":"https:\/\/www.caririemacao.com\/1\/wp-json\/wp\/v2\/comments?post=36009"}],"version-history":[{"count":0,"href":"https:\/\/www.caririemacao.com\/1\/wp-json\/wp\/v2\/posts\/36009\/revisions"}],"wp:featuredmedia":[{"embeddable":true,"href":"https:\/\/www.caririemacao.com\/1\/wp-json\/wp\/v2\/media\/12174"}],"wp:attachment":[{"href":"https:\/\/www.caririemacao.com\/1\/wp-json\/wp\/v2\/media?parent=36009"}],"wp:term":[{"taxonomy":"category","embeddable":true,"href":"https:\/\/www.caririemacao.com\/1\/wp-json\/wp\/v2\/categories?post=36009"},{"taxonomy":"post_tag","embeddable":true,"href":"https:\/\/www.caririemacao.com\/1\/wp-json\/wp\/v2\/tags?post=36009"}],"curies":[{"name":"wp","href":"https:\/\/api.w.org\/{rel}","templated":true}]}}