{"id":36012,"date":"2017-12-29T10:29:07","date_gmt":"2017-12-29T13:29:07","guid":{"rendered":"http:\/\/caririemacao.com\/1\/?p=36012"},"modified":"2017-12-29T10:29:07","modified_gmt":"2017-12-29T13:29:07","slug":"mec-anuncia-reajuste-de-681-no-piso-salarial-dos-professores","status":"publish","type":"post","link":"https:\/\/www.caririemacao.com\/1\/2017\/12\/29\/mec-anuncia-reajuste-de-681-no-piso-salarial-dos-professores\/","title":{"rendered":"MEC anuncia reajuste de 6,81% no piso salarial dos professores"},"content":{"rendered":"<p>O ministro da Educa\u00e7\u00e3o, Mendon\u00e7a Filho, assinou nesta quinta-feira (28), uma portaria com aumento de 6,81% para o piso salarial dos professores para 2018. O \u00edndice, anunciado \u00e9 4,01% acima da infla\u00e7\u00e3o prevista para este ano, que \u00e9 de 2,8%, de acordo com o \u00cdndice Nacional de Pre\u00e7os ao Consumidor (IPCA), divulgado na \u00faltima semana pelo Banco Central (BC). Com isso, o piso nacional do magist\u00e9rio tem um ganho real de 3,90% e um sal\u00e1rio de R$ 2.455,35, para jornada de 40 horas semanais.<\/p>\n<p>\u201cEsse \u00e9 o segundo ano consecutivo que o piso \u00e9 reajustado com valor real acima da infla\u00e7\u00e3o. O que \u00e9 muito bom para os professores\u201d, afirmou Mendon\u00e7a Filho. Nos \u00faltimos dois anos, os professores tiveram um ganho real de 5,22%, o que corresponde a R$ 124,96.<\/p>\n<p>Na \u00faltima semana, o MEC realizou uma reuni\u00e3o com os membros do F\u00f3rum Permanente de Acompanhamento da Atualiza\u00e7\u00e3o Progressiva do Valor do Piso Salarial para Profissionais do Magist\u00e9rio P\u00fablico da Educa\u00e7\u00e3o B\u00e1sica. Na ocasi\u00e3o, foi aberto di\u00e1logo com representantes da Uni\u00e3o Nacional dos Dirigentes Municipais de Educa\u00e7\u00e3o (Undime), do Conselho Nacional de Secret\u00e1rios de Educa\u00e7\u00e3o (Consed) \u2013 que representam os estados \u2013 e pela Confedera\u00e7\u00e3o Nacional dos Trabalhadores em Educa\u00e7\u00e3o (CNTE).<\/p>\n<p>Crit\u00e9rio \u2013 O crit\u00e9rio adotado para o reajuste, desde 2009, tem como refer\u00eancia o \u00edndice de crescimento do valor m\u00ednimo por aluno ao ano do Fundeb, que toma como base o \u00faltimo valor m\u00ednimo nacional por aluno (vigente no exerc\u00edcio que finda) em rela\u00e7\u00e3o ao pen\u00faltimo exerc\u00edcio. No caso do reajuste deste ano, \u00e9 considerado o crescimento do valor m\u00ednimo do Fundeb de 2016 em rela\u00e7\u00e3o a 2015.<\/p>\n<p>Acesse a \u00edntegra da portaria\u00a0<a href=\"http:\/\/portal.mec.gov.br\/index.php?option=com_docman&amp;view=download&amp;alias=79701-portaria-28-12-2017-pdf&amp;category_slug=dezembro-2017-pdf&amp;Itemid=30192\" target=\"_blank\" rel=\"noopener\">aqui<\/a>.<\/p>\n<p><strong>CARIRI EM A\u00c7\u00c3O<\/strong><\/p>\n<p><em>Com MEC \/Foto: Reprodu\u00e7\u00e3o google<\/em><\/p>\n<p><strong>Leia mais not\u00edcias em\u00a0<\/strong><a href=\"http:\/\/www.caririemacao.com\/\"><strong>caririemacao.com<\/strong><\/a><strong>, siga nossa p\u00e1gina no\u00a0<\/strong><a href=\"https:\/\/www.facebook.com\/CaririEmAcao\/?ref=aymt_homepage_panel\"><strong>Facebook<\/strong><\/a>,<strong>\u00a0<\/strong><a href=\"https:\/\/www.instagram.com\/cariri_em_acao\/?hl=pt-br\"><strong>Instagram<\/strong><\/a><strong>\u00a0e <\/strong><a href=\"https:\/\/www.youtube.com\/channel\/UCAptA0jQuYQy8vMhLt2m4qg\"><strong>Youtube<\/strong><\/a><strong>\u00a0e veja nossas mat\u00e9rias, v\u00eddeos e fotos. Voc\u00ea tamb\u00e9m pode enviar informa\u00e7\u00f5es \u00e0 Reda\u00e7\u00e3o do Portal Cariri em A\u00e7\u00e3o pelo WhatsApp (83) 9 9634.5791, (83) 9 9601-1162.<\/strong><\/p>\n","protected":false},"excerpt":{"rendered":"<p>O ministro da Educa\u00e7\u00e3o, Mendon\u00e7a Filho, assinou nesta quinta-feira (28), uma portaria com aumento de 6,81% para o piso salarial dos professores para 2018. O&hellip; <\/p>\n","protected":false},"author":2,"featured_media":20864,"comment_status":"closed","ping_status":"closed","sticky":false,"template":"","format":"standard","meta":{"sfsi_plus_gutenberg_text_before_share":"","sfsi_plus_gutenberg_show_text_before_share":"","sfsi_plus_gutenberg_icon_type":"","sfsi_plus_gutenberg_icon_alignemt":"","sfsi_plus_gutenburg_max_per_row":"","footnotes":""},"categories":[14],"tags":[],"class_list":["post-36012","post","type-post","status-publish","format-standard","has-post-thumbnail","hentry","category-educacao"],"_links":{"self":[{"href":"https:\/\/www.caririemacao.com\/1\/wp-json\/wp\/v2\/posts\/36012","targetHints":{"allow":["GET"]}}],"collection":[{"href":"https:\/\/www.caririemacao.com\/1\/wp-json\/wp\/v2\/posts"}],"about":[{"href":"https:\/\/www.caririemacao.com\/1\/wp-json\/wp\/v2\/types\/post"}],"author":[{"embeddable":true,"href":"https:\/\/www.caririemacao.com\/1\/wp-json\/wp\/v2\/users\/2"}],"replies":[{"embeddable":true,"href":"https:\/\/www.caririemacao.com\/1\/wp-json\/wp\/v2\/comments?post=36012"}],"version-history":[{"count":0,"href":"https:\/\/www.caririemacao.com\/1\/wp-json\/wp\/v2\/posts\/36012\/revisions"}],"wp:featuredmedia":[{"embeddable":true,"href":"https:\/\/www.caririemacao.com\/1\/wp-json\/wp\/v2\/media\/20864"}],"wp:attachment":[{"href":"https:\/\/www.caririemacao.com\/1\/wp-json\/wp\/v2\/media?parent=36012"}],"wp:term":[{"taxonomy":"category","embeddable":true,"href":"https:\/\/www.caririemacao.com\/1\/wp-json\/wp\/v2\/categories?post=36012"},{"taxonomy":"post_tag","embeddable":true,"href":"https:\/\/www.caririemacao.com\/1\/wp-json\/wp\/v2\/tags?post=36012"}],"curies":[{"name":"wp","href":"https:\/\/api.w.org\/{rel}","templated":true}]}}