{"id":36014,"date":"2017-12-29T10:33:46","date_gmt":"2017-12-29T13:33:46","guid":{"rendered":"http:\/\/caririemacao.com\/1\/?p=36014"},"modified":"2017-12-29T10:33:46","modified_gmt":"2017-12-29T13:33:46","slug":"presidente-do-supremo-peita-temer-e-suspende-indulto","status":"publish","type":"post","link":"https:\/\/www.caririemacao.com\/1\/2017\/12\/29\/presidente-do-supremo-peita-temer-e-suspende-indulto\/","title":{"rendered":"Presidente do Supremo \u2018peita\u2019 Temer e suspende indulto"},"content":{"rendered":"<section class=\"l-noticia\">A presidente do Supremo Tribunal Federal, ministra C\u00e1rmen L\u00facia, deferiu medida cautelar para suspender os efeitos de dispositivos do Decreto 9.246\/2017 que reduziram o tempo de cumprimento da pena para fins de concess\u00e3o do chamado indulto de Natal.<\/p>\n<p>\u201cIndulto n\u00e3o \u00e9 e nem pode ser instrumento de impunidade\u201d, afirma a ministra na decis\u00e3o, tomada na A\u00e7\u00e3o Direta de Inconstitucionalidade (ADI) 5874, ajuizada pela procuradora-geral da Rep\u00fablica, Raquel Dodge.<\/p>\n<p>Os dispositivos impugnados s\u00e3o o inciso I do artigo 1\u00ba, o par\u00e1grafo 1\u00ba do artigo 2\u00ba e os artigos 8\u00ba, 10 e 11 do decreto.<\/p>\n<p>O inciso I do artigo 1\u00ba concede indulto natalino aos condenados que cumpriram um quinto da pena, no caso de n\u00e3o reincidentes, nos crimes praticados sem grave amea\u00e7a ou viol\u00eancia. Redu\u00e7\u00f5es de penas tamb\u00e9m est\u00e3o previstas no artigo 2\u00ba.<\/p>\n<p>O artigo 8\u00ba beneficia r\u00e9us que cumprem medidas alternativas \u00e0 pris\u00e3o ou tenham obtido a suspens\u00e3o condicional do processo, e o artigo 10\u00ba extingue penas de multa e flexibiliza a repara\u00e7\u00e3o do dano causado.<\/p>\n<p>O artigo 11 prev\u00ea a possibilidade da concess\u00e3o do benef\u00edcio mesmo quando ainda h\u00e1 recursos em andamento.<\/p>\n<p>A ministra explicou a natureza do indulto, adotado no Brasil desde a Constitui\u00e7\u00e3o de 1891 \u201cem situa\u00e7\u00f5es espec\u00edficas, excepcionais e n\u00e3o demolidoras do processo penal\u201d a fim de se permitir a extin\u00e7\u00e3o da pena pela superveni\u00eancia de medida humanit\u00e1ria.<\/p>\n<p>A medida, segundo a presidente, \u00e9 um gesto estatal que beneficia aquele que, tendo cumprido parte de seu d\u00e9bito com a sociedade, obt\u00e9m uma nova chance de superar seu erro, fortalecendo a cren\u00e7a no direito e no sistema penal democr\u00e1tico.<\/p>\n<p>\u201cIndulto n\u00e3o \u00e9 pr\u00eamio ao criminoso nem toler\u00e2ncia ao crime\u201d, ressaltou. \u201cO indulto constitucionalmente previsto \u00e9 legitimo apenas se estiver em conson\u00e2ncia com a finalidade juridicamente estabelecida. Fora da\u00ed \u00e9 arb\u00edtrio\u201d.<\/p>\n<p>Em rela\u00e7\u00e3o ao Decreto 9.246\/2017, C\u00e1rmen L\u00facia entendeu que os dispositivos impugnados pela procuradora-geral da Rep\u00fablica n\u00e3o se coadunam com a finalidade constitucional do instituto do indulto, pois \u201cesvazia-se a jurisdi\u00e7\u00e3o penal, nega-se o prosseguimento e finaliza\u00e7\u00e3o de a\u00e7\u00f5es penais em curso, privilegia-se situa\u00e7\u00f5es de benef\u00edcios sobre outros antes concedidas a diluir o processo penal, nega-se, enfim, a natureza humanit\u00e1ria do indulto, convertendo-o em benemer\u00eancia sem causa e, portanto, sem fundamento jur\u00eddico v\u00e1lido\u201d.<\/p>\n<p>Crimes de \u201ccolarinho branco\u201d<\/p>\n<p>A presidente tamb\u00e9m considerou plaus\u00edvel a alega\u00e7\u00e3o da PGR de afronta ao princ\u00edpio da proporcionalidade, porque os dispositivos questionados \u201cd\u00e3o concretude \u00e0 situa\u00e7\u00e3o de impunidade, em especial aos denominados \u2018crimes de colarinho branco\u2019, desguarnecendo o er\u00e1rio e a sociedade de provid\u00eancias legais voltadas a coibir a atua\u00e7\u00e3o delet\u00e9ria de sujeitos descompromissados com valores \u00e9ticos e com o interesse p\u00fablico garantidores pela integridade do sistema jur\u00eddico\u201d.<\/p>\n<p>Em rela\u00e7\u00e3o \u00e0 multa, a decis\u00e3o destaca que a pena pecuni\u00e1ria \u201cn\u00e3o provoca situa\u00e7\u00e3o de desumanidade ou digno de benignidade\u201d, e lembra que o STF firmou jurisprud\u00eancia no sentido de que, para que o condenado possa obter benef\u00edcio carcer\u00e1rio, como a progress\u00e3o de regime, \u00e9 imprescind\u00edvel o adimplemento da pena de multa.<\/p>\n<p>\u201cIndulto de pena pecuni\u00e1ria significa, num primeiro exame, relativiza\u00e7\u00e3o da jurisdi\u00e7\u00e3o e agravo \u00e0 sociedade\u201d, afirma a ministra.<\/p>\n<p>Para a presidente do Supremo, as circunst\u00e2ncias que conduziram \u00e0 edi\u00e7\u00e3o do decreto, \u201cque, numa primeira an\u00e1lise, demonstra aparente desvio de finalidade\u201d, imp\u00f5em a concess\u00e3o de cautelar para a suspens\u00e3o da norma.<\/p>\n<p>A medida, conforme assinalou, n\u00e3o implica qualquer dano de dif\u00edcil repara\u00e7\u00e3o, pois os poss\u00edveis benefici\u00e1rios do indulto cumprem pena imposta mediante processo penal regular, \u201cn\u00e3o havendo se falar em agravamento de sua situa\u00e7\u00e3o criminal ou em redu\u00e7\u00e3o de direitos constitucionalmente assegurados\u201d.<\/p>\n<p>A decis\u00e3o suspende os efeitos dos dispositivos apontados pela procuradora-geral at\u00e9 o exame do caso pelo relator da ADI 5874, ministro Lu\u00eds Roberto Barroso, ou pelo Plen\u00e1rio do STF.<\/p>\n<p><strong>CARIRI EM A\u00c7\u00c3O<\/strong><\/p>\n<p><em>Com Paraibaonline\/Foto: Reprodu\u00e7\u00e3o google<\/em><\/p>\n<p><strong>Leia mais not\u00edcias em\u00a0<\/strong><a href=\"http:\/\/www.caririemacao.com\/\"><strong>caririemacao.com<\/strong><\/a><strong>, siga nossa p\u00e1gina no\u00a0<\/strong><a href=\"https:\/\/www.facebook.com\/CaririEmAcao\/?ref=aymt_homepage_panel\"><strong>Facebook<\/strong><\/a>,<strong>\u00a0<\/strong><a href=\"https:\/\/www.instagram.com\/cariri_em_acao\/?hl=pt-br\"><strong>Instagram<\/strong><\/a><strong>\u00a0e <\/strong><a href=\"https:\/\/www.youtube.com\/channel\/UCAptA0jQuYQy8vMhLt2m4qg\"><strong>Youtube<\/strong><\/a><strong>\u00a0e veja nossas mat\u00e9rias, v\u00eddeos e fotos. Voc\u00ea tamb\u00e9m pode enviar informa\u00e7\u00f5es \u00e0 Reda\u00e7\u00e3o do Portal Cariri em A\u00e7\u00e3o pelo WhatsApp (83) 9 9634.5791, (83) 9 9601-1162.<\/strong><\/p>\n<\/section>\n","protected":false},"excerpt":{"rendered":"<p>A presidente do Supremo Tribunal Federal, ministra C\u00e1rmen L\u00facia, deferiu medida cautelar para suspender os efeitos de dispositivos do Decreto 9.246\/2017 que reduziram o tempo&hellip; <\/p>\n","protected":false},"author":2,"featured_media":36016,"comment_status":"closed","ping_status":"closed","sticky":false,"template":"","format":"standard","meta":{"sfsi_plus_gutenberg_text_before_share":"","sfsi_plus_gutenberg_show_text_before_share":"","sfsi_plus_gutenberg_icon_type":"","sfsi_plus_gutenberg_icon_alignemt":"","sfsi_plus_gutenburg_max_per_row":"","footnotes":""},"categories":[2],"tags":[],"class_list":["post-36014","post","type-post","status-publish","format-standard","has-post-thumbnail","hentry","category-geral"],"_links":{"self":[{"href":"https:\/\/www.caririemacao.com\/1\/wp-json\/wp\/v2\/posts\/36014","targetHints":{"allow":["GET"]}}],"collection":[{"href":"https:\/\/www.caririemacao.com\/1\/wp-json\/wp\/v2\/posts"}],"about":[{"href":"https:\/\/www.caririemacao.com\/1\/wp-json\/wp\/v2\/types\/post"}],"author":[{"embeddable":true,"href":"https:\/\/www.caririemacao.com\/1\/wp-json\/wp\/v2\/users\/2"}],"replies":[{"embeddable":true,"href":"https:\/\/www.caririemacao.com\/1\/wp-json\/wp\/v2\/comments?post=36014"}],"version-history":[{"count":0,"href":"https:\/\/www.caririemacao.com\/1\/wp-json\/wp\/v2\/posts\/36014\/revisions"}],"wp:featuredmedia":[{"embeddable":true,"href":"https:\/\/www.caririemacao.com\/1\/wp-json\/wp\/v2\/media\/36016"}],"wp:attachment":[{"href":"https:\/\/www.caririemacao.com\/1\/wp-json\/wp\/v2\/media?parent=36014"}],"wp:term":[{"taxonomy":"category","embeddable":true,"href":"https:\/\/www.caririemacao.com\/1\/wp-json\/wp\/v2\/categories?post=36014"},{"taxonomy":"post_tag","embeddable":true,"href":"https:\/\/www.caririemacao.com\/1\/wp-json\/wp\/v2\/tags?post=36014"}],"curies":[{"name":"wp","href":"https:\/\/api.w.org\/{rel}","templated":true}]}}