{"id":36020,"date":"2017-12-29T10:41:23","date_gmt":"2017-12-29T13:41:23","guid":{"rendered":"http:\/\/caririemacao.com\/1\/?p=36020"},"modified":"2017-12-29T10:41:23","modified_gmt":"2017-12-29T13:41:23","slug":"descaso-com-a-seguranca-policiais-estao-trabalhando-com-coletes-vencidos-na-pb","status":"publish","type":"post","link":"https:\/\/www.caririemacao.com\/1\/2017\/12\/29\/descaso-com-a-seguranca-policiais-estao-trabalhando-com-coletes-vencidos-na-pb\/","title":{"rendered":"DESCASO COM A SEGURAN\u00c7A: Policiais est\u00e3o trabalhando com coletes vencidos na PB"},"content":{"rendered":"<p>Os policiais civis da Para\u00edba est\u00e3o realizando nesta quarta-feira, 27, uma paralisa\u00e7\u00e3o de 24 horas em todo o Estado.<\/p>\n<p>Segundo a Associa\u00e7\u00e3o que representa a categoria, a Aspol, os policiais pararam para reivindicar melhores condi\u00e7\u00f5es de trabalho.<br \/>\nEm entrevista, a presidente da Aspol, Suana Melo, lamentou que a PC da Para\u00edba seja considerada uma das melhores do Brasil, por\u00e9m ganhe o pior sal\u00e1rio do pa\u00eds.<\/p>\n<p>Ela denunciou que mais de mil policiais est\u00e3o trabalhando com coletes bal\u00edsticos vencidos, contrariando recomenda\u00e7\u00e3o do Minist\u00e9rio do Trabalho que orienta que policiais n\u00e3o realizem opera\u00e7\u00f5es em campos com coletes fora do prazo de validade.<\/p>\n<p>\u2013 Estamos reivindicando melhorias para a Pol\u00edcia Civil. Mais respeito e igualdade. Somos uma das melhores pol\u00edcias do pa\u00eds, mas recebemos o pior sal\u00e1rio, por isso vamos mostrar \u00e0 sociedade os problemas. Atualmente, temos mais de mil policiais trabalhando com coletes fora de validade. J\u00e1 avisamos a Secretaria de Seguran\u00e7a, e o Minist\u00e9rio P\u00fablico recomenda que nesta condi\u00e7\u00e3o o policial n\u00e3o seja escalado para opera\u00e7\u00e3o em campo, mas isso est\u00e1 sendo descumprido \u2013 pontuou.<\/p>\n<p>Durante a paralisa\u00e7\u00e3o, policiais v\u00e3o recolher os coletes vencidos e enviar para a Secretaria de Seguran\u00e7a. A a\u00e7\u00e3o deve acontecer em Jo\u00e3o Pessoa, Campina Grande e Patos. As declara\u00e7\u00f5es repercutiram na R\u00e1dio Correio FM.<\/p>\n<p><strong>CARIRI EM A\u00c7\u00c3O<\/strong><\/p>\n<p><em>Com Resumo Para\u00edba\u00a0\/Foto: Reprodu\u00e7\u00e3o google<\/em><\/p>\n<p><strong>Leia mais not\u00edcias em\u00a0<\/strong><a href=\"http:\/\/www.caririemacao.com\/\"><strong>caririemacao.com<\/strong><\/a><strong>, siga nossa p\u00e1gina no\u00a0<\/strong><a href=\"https:\/\/www.facebook.com\/CaririEmAcao\/?ref=aymt_homepage_panel\"><strong>Facebook<\/strong><\/a>,<strong>\u00a0<\/strong><a href=\"https:\/\/www.instagram.com\/cariri_em_acao\/?hl=pt-br\"><strong>Instagram<\/strong><\/a><strong>\u00a0e <\/strong><a href=\"https:\/\/www.youtube.com\/channel\/UCAptA0jQuYQy8vMhLt2m4qg\"><strong>Youtube<\/strong><\/a><strong>\u00a0e veja nossas mat\u00e9rias, v\u00eddeos e fotos. Voc\u00ea tamb\u00e9m pode enviar informa\u00e7\u00f5es \u00e0 Reda\u00e7\u00e3o do Portal Cariri em A\u00e7\u00e3o pelo WhatsApp (83) 9 9634.5791, (83) 9 9601-1162.<\/strong><\/p>\n","protected":false},"excerpt":{"rendered":"<p>Os policiais civis da Para\u00edba est\u00e3o realizando nesta quarta-feira, 27, uma paralisa\u00e7\u00e3o de 24 horas em todo o Estado. Segundo a Associa\u00e7\u00e3o que representa a&hellip; <\/p>\n","protected":false},"author":2,"featured_media":36021,"comment_status":"closed","ping_status":"closed","sticky":false,"template":"","format":"standard","meta":{"sfsi_plus_gutenberg_text_before_share":"","sfsi_plus_gutenberg_show_text_before_share":"","sfsi_plus_gutenberg_icon_type":"","sfsi_plus_gutenberg_icon_alignemt":"","sfsi_plus_gutenburg_max_per_row":"","footnotes":""},"categories":[2],"tags":[],"class_list":["post-36020","post","type-post","status-publish","format-standard","has-post-thumbnail","hentry","category-geral"],"_links":{"self":[{"href":"https:\/\/www.caririemacao.com\/1\/wp-json\/wp\/v2\/posts\/36020","targetHints":{"allow":["GET"]}}],"collection":[{"href":"https:\/\/www.caririemacao.com\/1\/wp-json\/wp\/v2\/posts"}],"about":[{"href":"https:\/\/www.caririemacao.com\/1\/wp-json\/wp\/v2\/types\/post"}],"author":[{"embeddable":true,"href":"https:\/\/www.caririemacao.com\/1\/wp-json\/wp\/v2\/users\/2"}],"replies":[{"embeddable":true,"href":"https:\/\/www.caririemacao.com\/1\/wp-json\/wp\/v2\/comments?post=36020"}],"version-history":[{"count":0,"href":"https:\/\/www.caririemacao.com\/1\/wp-json\/wp\/v2\/posts\/36020\/revisions"}],"wp:featuredmedia":[{"embeddable":true,"href":"https:\/\/www.caririemacao.com\/1\/wp-json\/wp\/v2\/media\/36021"}],"wp:attachment":[{"href":"https:\/\/www.caririemacao.com\/1\/wp-json\/wp\/v2\/media?parent=36020"}],"wp:term":[{"taxonomy":"category","embeddable":true,"href":"https:\/\/www.caririemacao.com\/1\/wp-json\/wp\/v2\/categories?post=36020"},{"taxonomy":"post_tag","embeddable":true,"href":"https:\/\/www.caririemacao.com\/1\/wp-json\/wp\/v2\/tags?post=36020"}],"curies":[{"name":"wp","href":"https:\/\/api.w.org\/{rel}","templated":true}]}}