{"id":36027,"date":"2017-12-30T00:10:42","date_gmt":"2017-12-30T03:10:42","guid":{"rendered":"http:\/\/caririemacao.com\/1\/?p=36027"},"modified":"2017-12-30T00:10:42","modified_gmt":"2017-12-30T03:10:42","slug":"policiais-militares-e-agentes-penitenciarios-realizam-operacao-na-cadeia-publica-de-serra-branca","status":"publish","type":"post","link":"https:\/\/www.caririemacao.com\/1\/2017\/12\/30\/policiais-militares-e-agentes-penitenciarios-realizam-operacao-na-cadeia-publica-de-serra-branca\/","title":{"rendered":"Policiais militares e agentes penitenci\u00e1rios realizam opera\u00e7\u00e3o na cadeia p\u00fablica de Serra Branca"},"content":{"rendered":"<p>Na manh\u00e3 desta sexta-feira (29\/12), policiais militares da 3\u00aa Cia\/11\u00b0BPM e os Agentes Prisionais da Cadeia P\u00fablica de Serra Branca realizaram uma Opera\u00e7\u00e3o de Seguran\u00e7a nas celas daquela Unidade Prisional.<\/p>\n<p>Segundo o capit\u00e3o Cl\u00e1udio, a opera\u00e7\u00e3o realizou um procedimento padr\u00e3o preventivo para coibir a\u00e7\u00f5es delituosas dentro da Cadeia, como tamb\u00e9m poss\u00edvel tentativa de fuga.<\/p>\n<p>Durante a a\u00e7\u00e3o, foram apreendidos dentro das celas v\u00e1rios objetivos il\u00edcitos: 01 celular da marca Nokia, 01 de celular com 02 cabos, 01 espeto met\u00e1lico artesanal pontiagudo, 02 objetos perfuro-cortante produzidos artesanalmente.<\/p>\n<p>\u201cTodos esses objetos foram encontrados e informado a dire\u00e7\u00e3o da Cadeia, para ado\u00e7\u00e3o de medidas cab\u00edveis\u201d, completou o capit\u00e3o Cl\u00e1udio.<\/p>\n<p><strong>CARIRI EM A\u00c7\u00c3O<\/strong><\/p>\n<p><strong>Leia mais not\u00edcias em\u00a0<\/strong><a style=\"font-style: inherit; font-weight: inherit;\" href=\"http:\/\/www.caririemacao.com\/\"><strong style=\"font-style: inherit;\">caririemacao.com<\/strong><\/a><strong style=\"font-style: inherit;\">, siga nossa p\u00e1gina no\u00a0<\/strong><a style=\"font-style: inherit; font-weight: inherit;\" href=\"https:\/\/www.facebook.com\/CaririEmAcao\/?ref=aymt_homepage_panel\"><strong style=\"font-style: inherit;\">Facebook<\/strong><\/a>,<strong style=\"font-style: inherit;\">\u00a0<\/strong><a style=\"font-style: inherit; font-weight: inherit;\" href=\"https:\/\/www.instagram.com\/cariri_em_acao\/?hl=pt-br\"><strong style=\"font-style: inherit;\">Instagram<\/strong><\/a><strong style=\"font-style: inherit;\">\u00a0e\u00a0<\/strong><a style=\"font-style: inherit; font-weight: inherit;\" href=\"https:\/\/www.youtube.com\/channel\/UCAptA0jQuYQy8vMhLt2m4qg\"><strong style=\"font-style: inherit;\">Youtube<\/strong><\/a><strong style=\"font-style: inherit;\">\u00a0e veja nossas mat\u00e9rias, v\u00eddeos e fotos. Voc\u00ea tamb\u00e9m pode enviar informa\u00e7\u00f5es \u00e0 Reda\u00e7\u00e3o do Portal Cariri em A\u00e7\u00e3o pelo WhatsApp (83) 9 9634.5791, (83) 9 9601-1162.<\/strong><\/p>\n","protected":false},"excerpt":{"rendered":"<p>Na manh\u00e3 desta sexta-feira (29\/12), policiais militares da 3\u00aa Cia\/11\u00b0BPM e os Agentes Prisionais da Cadeia P\u00fablica de Serra Branca realizaram uma Opera\u00e7\u00e3o de Seguran\u00e7a&hellip; <\/p>\n","protected":false},"author":2,"featured_media":36028,"comment_status":"closed","ping_status":"closed","sticky":false,"template":"","format":"standard","meta":{"sfsi_plus_gutenberg_text_before_share":"","sfsi_plus_gutenberg_show_text_before_share":"","sfsi_plus_gutenberg_icon_type":"","sfsi_plus_gutenberg_icon_alignemt":"","sfsi_plus_gutenburg_max_per_row":"","footnotes":""},"categories":[12],"tags":[],"class_list":["post-36027","post","type-post","status-publish","format-standard","has-post-thumbnail","hentry","category-policia"],"_links":{"self":[{"href":"https:\/\/www.caririemacao.com\/1\/wp-json\/wp\/v2\/posts\/36027","targetHints":{"allow":["GET"]}}],"collection":[{"href":"https:\/\/www.caririemacao.com\/1\/wp-json\/wp\/v2\/posts"}],"about":[{"href":"https:\/\/www.caririemacao.com\/1\/wp-json\/wp\/v2\/types\/post"}],"author":[{"embeddable":true,"href":"https:\/\/www.caririemacao.com\/1\/wp-json\/wp\/v2\/users\/2"}],"replies":[{"embeddable":true,"href":"https:\/\/www.caririemacao.com\/1\/wp-json\/wp\/v2\/comments?post=36027"}],"version-history":[{"count":0,"href":"https:\/\/www.caririemacao.com\/1\/wp-json\/wp\/v2\/posts\/36027\/revisions"}],"wp:featuredmedia":[{"embeddable":true,"href":"https:\/\/www.caririemacao.com\/1\/wp-json\/wp\/v2\/media\/36028"}],"wp:attachment":[{"href":"https:\/\/www.caririemacao.com\/1\/wp-json\/wp\/v2\/media?parent=36027"}],"wp:term":[{"taxonomy":"category","embeddable":true,"href":"https:\/\/www.caririemacao.com\/1\/wp-json\/wp\/v2\/categories?post=36027"},{"taxonomy":"post_tag","embeddable":true,"href":"https:\/\/www.caririemacao.com\/1\/wp-json\/wp\/v2\/tags?post=36027"}],"curies":[{"name":"wp","href":"https:\/\/api.w.org\/{rel}","templated":true}]}}