{"id":36030,"date":"2017-12-30T00:13:25","date_gmt":"2017-12-30T03:13:25","guid":{"rendered":"http:\/\/caririemacao.com\/1\/?p=36030"},"modified":"2017-12-30T00:13:25","modified_gmt":"2017-12-30T03:13:25","slug":"prefeitura-de-sume-homenageia-escritores-e-musicos-sumeenses-neste-sabado","status":"publish","type":"post","link":"https:\/\/www.caririemacao.com\/1\/2017\/12\/30\/prefeitura-de-sume-homenageia-escritores-e-musicos-sumeenses-neste-sabado\/","title":{"rendered":"Prefeitura de Sum\u00e9 homenageia escritores e m\u00fasicos sumeenses neste s\u00e1bado"},"content":{"rendered":"<p>A Prefeitura de Sum\u00e9, atrav\u00e9s da Secretaria de Educa\u00e7\u00e3o e Cultura, homenageia neste s\u00e1bado (30) m\u00fasicos e escritores sumeenses e realiza, a partir das 17h, na Pra\u00e7a Jos\u00e9 Am\u00e9rico.<\/p>\n<p>Uma feira liter\u00e1ria tamb\u00e9m acontecer\u00e1 na ocasi\u00e3o.<\/p>\n<p>O evento denominado 1\u00ba Eclipse \u2013 1\u00ba Encontro Liter\u00e1rio e Po\u00e9tico de Sum\u00e9, reunir\u00e1 grandes escritores e m\u00fasicos do munic\u00edpio, que al\u00e9m de falarem sobre os seus trabalhos j\u00e1 realizados, receber\u00e3o homenagens do Poder Executivo Municipal e do p\u00fablico presente.<\/p>\n<p>Os escritores homenageados s\u00e3o:<\/p>\n<p>\u2013 Sonielson Juvino Silva;<\/p>\n<p>\u2013 Daniel Duarte Pereira;<\/p>\n<p>\u2013 Zito Nunes de Siqueira J\u00fanior;<\/p>\n<p>\u2013 Rita Albino Rafael;<\/p>\n<p>\u2013 Maria do Socorro Silva;<\/p>\n<p>\u2013 Bernadete de Lourdes Ramos Bezerra;<\/p>\n<p>\u2013 Wellington Pereira;<\/p>\n<p>\u2013 Luizinho Batista;<\/p>\n<p>\u2013 Jorge Dellane da Silva;<\/p>\n<p>\u2013 Severino Louren\u00e7o da Silva Pinto;<\/p>\n<p>\u2013 Djaci Ferreira de Sousa;<\/p>\n<p>\u2013 Jo\u00e3o Furiba;<\/p>\n<p>\u2013 Sebasti\u00e3o Vitorino Filho;<\/p>\n<p>\u2013 Miguel Guilherme e<\/p>\n<p>\u2013 Z\u00e9 Marcolino.<\/p>\n<p>Durante o Encontro, o escritor Sonielson Juvino far\u00e1 o lan\u00e7amento do seu livro \u201cPo\u00e7os Cavados no Tempo \u2013 Mem\u00f3rias de Palavras N\u00e3o Ditas\u201d, editora: Funesc, vencedor do Pr\u00eamio Liter\u00e1rio Jos\u00e9 Am\u00e9rico de Almeida.<\/p>\n<p><strong>CARIRI EM A\u00c7\u00c3O<\/strong><\/p>\n<p><em>Com Ascom<\/em><\/p>\n<p><strong>Leia mais not\u00edcias em\u00a0<\/strong><a style=\"font-style: inherit; font-weight: inherit;\" href=\"http:\/\/www.caririemacao.com\/\"><strong style=\"font-style: inherit;\">caririemacao.com<\/strong><\/a><strong style=\"font-style: inherit;\">, siga nossa p\u00e1gina no\u00a0<\/strong><a style=\"font-style: inherit; font-weight: inherit;\" href=\"https:\/\/www.facebook.com\/CaririEmAcao\/?ref=aymt_homepage_panel\"><strong style=\"font-style: inherit;\">Facebook<\/strong><\/a>,<strong style=\"font-style: inherit;\">\u00a0<\/strong><a style=\"font-style: inherit; font-weight: inherit;\" href=\"https:\/\/www.instagram.com\/cariri_em_acao\/?hl=pt-br\"><strong style=\"font-style: inherit;\">Instagram<\/strong><\/a><strong style=\"font-style: inherit;\">\u00a0e\u00a0<\/strong><a style=\"font-style: inherit; font-weight: inherit;\" href=\"https:\/\/www.youtube.com\/channel\/UCAptA0jQuYQy8vMhLt2m4qg\"><strong style=\"font-style: inherit;\">Youtube<\/strong><\/a><strong style=\"font-style: inherit;\">\u00a0e veja nossas mat\u00e9rias, v\u00eddeos e fotos. Voc\u00ea tamb\u00e9m pode enviar informa\u00e7\u00f5es \u00e0 Reda\u00e7\u00e3o do Portal Cariri em A\u00e7\u00e3o pelo WhatsApp (83) 9 9634.5791, (83) 9 9601-1162.<\/strong><\/p>\n","protected":false},"excerpt":{"rendered":"<p>A Prefeitura de Sum\u00e9, atrav\u00e9s da Secretaria de Educa\u00e7\u00e3o e Cultura, homenageia neste s\u00e1bado (30) m\u00fasicos e escritores sumeenses e realiza, a partir das 17h,&hellip; <\/p>\n","protected":false},"author":2,"featured_media":36031,"comment_status":"closed","ping_status":"closed","sticky":false,"template":"","format":"standard","meta":{"sfsi_plus_gutenberg_text_before_share":"","sfsi_plus_gutenberg_show_text_before_share":"","sfsi_plus_gutenberg_icon_type":"","sfsi_plus_gutenberg_icon_alignemt":"","sfsi_plus_gutenburg_max_per_row":"","footnotes":""},"categories":[2],"tags":[],"class_list":["post-36030","post","type-post","status-publish","format-standard","has-post-thumbnail","hentry","category-geral"],"_links":{"self":[{"href":"https:\/\/www.caririemacao.com\/1\/wp-json\/wp\/v2\/posts\/36030","targetHints":{"allow":["GET"]}}],"collection":[{"href":"https:\/\/www.caririemacao.com\/1\/wp-json\/wp\/v2\/posts"}],"about":[{"href":"https:\/\/www.caririemacao.com\/1\/wp-json\/wp\/v2\/types\/post"}],"author":[{"embeddable":true,"href":"https:\/\/www.caririemacao.com\/1\/wp-json\/wp\/v2\/users\/2"}],"replies":[{"embeddable":true,"href":"https:\/\/www.caririemacao.com\/1\/wp-json\/wp\/v2\/comments?post=36030"}],"version-history":[{"count":0,"href":"https:\/\/www.caririemacao.com\/1\/wp-json\/wp\/v2\/posts\/36030\/revisions"}],"wp:featuredmedia":[{"embeddable":true,"href":"https:\/\/www.caririemacao.com\/1\/wp-json\/wp\/v2\/media\/36031"}],"wp:attachment":[{"href":"https:\/\/www.caririemacao.com\/1\/wp-json\/wp\/v2\/media?parent=36030"}],"wp:term":[{"taxonomy":"category","embeddable":true,"href":"https:\/\/www.caririemacao.com\/1\/wp-json\/wp\/v2\/categories?post=36030"},{"taxonomy":"post_tag","embeddable":true,"href":"https:\/\/www.caririemacao.com\/1\/wp-json\/wp\/v2\/tags?post=36030"}],"curies":[{"name":"wp","href":"https:\/\/api.w.org\/{rel}","templated":true}]}}